{"id":2912,"date":"2016-11-23T12:45:27","date_gmt":"2016-11-23T12:45:27","guid":{"rendered":"http:\/\/www.romaniancommunity.net\/rci\/?p=2912"},"modified":"2016-11-25T13:22:30","modified_gmt":"2016-11-25T13:22:30","slug":"sarbatorim-la-dublin-ziua-nationala-romaniei","status":"publish","type":"post","link":"https:\/\/www.romaniancommunity.net\/rci\/sarbatorim-la-dublin-ziua-nationala-romaniei\/","title":{"rendered":"***S\u0103rb\u0103torim la Dublin Ziua Na\u021bional\u0103 a Rom\u00e2niei***"},"content":{"rendered":"<p><img loading=\"lazy\" decoding=\"async\" class=\"wp-image-2920 size-medium alignleft\" src=\"http:\/\/www.romaniancommunity.net\/rci\/wp-content\/uploads\/2015\/04\/ZiuaNationala_2016-210x300.jpg\" width=\"210\" height=\"300\" srcset=\"https:\/\/www.romaniancommunity.net\/rci\/wp-content\/uploads\/2015\/04\/ZiuaNationala_2016-210x300.jpg 210w, https:\/\/www.romaniancommunity.net\/rci\/wp-content\/uploads\/2015\/04\/ZiuaNationala_2016.jpg 560w\" sizes=\"auto, (max-width: 210px) 100vw, 210px\" \/>Lume, lume, sor\u0103 lume!<\/p>\n<p>Noi, prietenii dumneavoastr\u0103 de la <span class=\"highlightNode\">Romanian Community of Ireland<\/span>, v\u0103 invit\u0103m s\u0103 s\u0103rb\u0103torim \u00eempreun\u0103 Ziua Na\u0163ional\u0103 a Rom\u00e2niei !<\/p>\n<div class=\"text_exposed_show\">\n<p>S\u0103 tr\u0103im dimpreun\u0103 cu dumneavoastr\u0103 emo\u021bia revederii, s\u0103 sim\u021bim \u0219i s\u0103 petrecem rom\u00e2ne\u0219te, s\u0103 dans\u0103m sau s\u0103 st\u0103m la taifas, sorbind o cea\u0219c\u0103 de ceai sau r\u0103corindu-ne cu un pint de bere.<br \/>\nProgramul serii va cuprinde dou\u0103 par\u021bi:<\/p>\n<p>1. \u00cen prima parte vom viziona filmarea celebrei piese de teatru &#8220;Take, Ianke \u0219i Cad\u00eer&#8221;, \u00een interpretarea mae\u0219trilor Radu Beligan, Marin Moraru, Gheorghe Dinic\u0103, pies\u0103 jucat\u0103 pe scena Teatrului Na\u021bional din Bucure\u0219ti \u00een multe stagiuni.<br \/>\n2. \u00cen partea a doua a evenimentului ne vom delecta cu muzic\u0103, dans \u0219i mult\u0103 voie bun\u0103!<\/p>\n<p>\u00cent\u00e2lnirea va avea loc la Sugar Club, 8 Lower Leeson Street, Saint Kevin&#8217;s, Dublin 2, miercuri, 30 noiembrie 2016, \u00eencep\u00e2nd cu ora 19.00.<\/p>\n<p>Accesul \u00een sal\u0103 se face pe baz\u0103 de bilet, iar acestea sunt disponibile la <a href=\"http:\/\/l.facebook.com\/l.php?u=http%3A%2F%2Fwww.sugarclubtickets.com%2F&amp;h=1AQE4cbzRAQF_nauq9TNLXfutfMiSk9WpJHQnGGW6uh08sw&amp;enc=AZOZj-HW2ZzMEFYTfsUlyLwSJxHhXLv_N_jvVqLgLzPE1lUzBDxYZtCLkdlyETyqxY8Wfsw9Nq1tkRZwSrOUc5_Dnbppv66zP-wAPn4cVVG_LX60pTG828mUK_mcvNjWyxZY1nEqZwy8j9wyxrmRrB-GxHDwQ2Bad6V1zXHce5vTtep2k1ZfkHtPAuFTDiWAOeC7XqDV7WmGjRdE3TpkzjjA&amp;s=1\" target=\"_blank\" rel=\"nofollow\">www.sugarclubtickets.com<\/a>, la pre\u021bul de 10 euro.<\/p>\n<p>Pentru mai multe informa\u021bii, ne pute\u021bi contacta la telefon 087 456 6362.<br \/>\nV\u0103 a\u0219tept\u0103m cu drag, ca de fiecare dat\u0103!<\/p>\n<p>Sponsorii acestui eveniment sunt:<br \/>\nMurray Flynn Maguire Solicitors<br \/>\n<a href=\"http:\/\/l.facebook.com\/l.php?u=http%3A%2F%2Fwww.murrayflynnmaguire.ie%2F&amp;h=uAQGIjj3wAQEUfu31SYWsh_fXoTp-3K_OGr_f0EiEgYlnmA&amp;enc=AZO6ViIWQT3_Wf7uQgEUjwrk5HDqZek-XjBGOdaTIy6TukbtLmfBL7opumtGDH2VRAzW3wTii4CuzH1c8YzfAsKhTRAfdQRZxrhp9VNG48_228FXm_Vlv4Ne7rSYOiFtCxuTqnkwhrhjap0V5Dz0E6TSjR2dslFIMA8UTz6V9vCa35IV8D0GLhYD_fmy5pVh2t51tTc489bs2RsjkU2kC_fJ&amp;s=1\" target=\"_blank\" rel=\"nofollow\">http:\/\/www.murrayflynnmaguire.ie\/<\/a><br \/>\n<a href=\"https:\/\/www.facebook.com\/SolicitorsOfficeFairview\/\">https:\/\/www.facebook.com\/SolicitorsOfficeFairview\/<\/a><br \/>\nE-Koncept<br \/>\n<a href=\"http:\/\/l.facebook.com\/l.php?u=http%3A%2F%2Fwww.ekoncept.ie%2Findex.php%3Flang%3Den&amp;h=uAQGIjj3wAQEAHoAOo42iuSscdLkPgfwqpn5dZKFVv1URPQ&amp;enc=AZMK6dGahKRN70qWbhe5kxzFZMNZZ7FGNbWG9TAROJ07Y95UuX3XeyAoqUXs-uBxESl-yMxXcyXN58VUyq0nA7rwG51btB_N9wAvfyzGa2tZFmpVQIUgo7gkntEddGQ6jVT_addPjMGSnkCVbiFz0EFjhKq46Lo-hPTP20HhzNQxYOR3v0sTsD_xI3cX9LI4H2XptMoU7H3qxUIDwO-l-nmf&amp;s=1\" target=\"_blank\" rel=\"nofollow\">http:\/\/www.ekoncept.ie\/index.php?lang=en<\/a><br \/>\n<a href=\"https:\/\/www.facebook.com\/ekoncept.dublin\">https:\/\/www.facebook.com\/ekoncept.dublin<\/a><br \/>\nLinear Office<br \/>\n<a href=\"http:\/\/l.facebook.com\/l.php?u=http%3A%2F%2Fwww.linearofficefitout.ie%2F&amp;h=2AQEpKRvtAQFQAOi_Hp69W62dxPIf0INH0WgTgN2PTbp8-A&amp;enc=AZPxLEH0zxqzmuOlPYljT6A6NFj4FV_EPyDDRKWcZMm7eOD7UyYH6UMUq6hcqm3HUuuHtlN2USMwOoz9IefjOfn-zu4beAPzZfw_AyTAbUTb7tjkZs90dVjyLKnV4Sa4Le8fXODh7T5pBQ28quu9_RFbvIYK3c8_G6LOmgKReq2HkPrKfTGlqJOWPv8VWtMt2bXhI4_fbpENh_sXHatXxrpe&amp;s=1\" target=\"_blank\" rel=\"nofollow\">http:\/\/www.linearofficefitout.ie\/<\/a><br \/>\n<a href=\"https:\/\/www.facebook.com\/LinearOfficeFitOut\/\">https:\/\/www.facebook.com\/LinearOfficeFitOut\/<\/a><br \/>\nGycTrans<br \/>\n<a href=\"http:\/\/l.facebook.com\/l.php?u=http%3A%2F%2Fgycutrans.com%2F&amp;h=GAQHkaLz7AQFwMHd4U0zF1DGXGoppkl94mFRFF6_Dtnk9Aw&amp;enc=AZNtXAvwVxhxwi2lAmvys_Q8Su4Csa6o0ihziAliq8H3zFKKIVcy-g0EMxVcvDIItDYKwhATSi6Qrpzn4aaoxiMbO02kUGzVyy08M2zgPDESE-HdCikns2nOp9hDPsKPpuHWaNhaRB1LUbG7He_XkNfXIYVD3ne7dNlqUtJayKWd4ahq5M51ncVpBjK8PWM80qOw24ubgCPC4akkZ090OlVo&amp;s=1\" target=\"_blank\" rel=\"nofollow\">http:\/\/gycutrans.com\/<\/a><br \/>\n<a href=\"https:\/\/www.facebook.com\/Gyc-Transport-Irlanda-1627203344214388\/\">https:\/\/www.facebook.com\/Gyc-Transport-Irlanda-16272033442\u2026\/<\/a><br \/>\nDiana Finnegan<br \/>\n<a href=\"https:\/\/www.facebook.com\/d.f.medical\/\">https:\/\/www.facebook.com\/d.f.medical\/<\/a><\/p>\n<p>RCI<br \/>\nEchipa care face bine!<\/p>\n<\/div>\n","protected":false},"excerpt":{"rendered":"<p>Lume, lume, sor\u0103 lume! Noi, prietenii dumneavoastr\u0103 de la Romanian Community of Ireland, v\u0103 invit\u0103m s\u0103 s\u0103rb\u0103torim \u00eempreun\u0103 Ziua Na\u0163ional\u0103 a Rom\u00e2niei ! S\u0103 tr\u0103im dimpreun\u0103 cu dumneavoastr\u0103 emo\u021bia revederii, [&hellip;]<\/p>\n","protected":false},"author":7,"featured_media":2920,"comment_status":"closed","ping_status":"closed","sticky":false,"template":"","format":"standard","meta":{"footnotes":""},"categories":[9],"tags":[],"class_list":["post-2912","post","type-post","status-publish","format-standard","has-post-thumbnail","hentry","category-evenimente"],"yoast_head":"<!-- This site is optimized with the Yoast SEO plugin v27.5 - https:\/\/yoast.com\/product\/yoast-seo-wordpress\/ -->\n<title>S\u0103rb\u0103torim la Dublin Ziua Na\u021bional\u0103 a Rom\u00e2niei<\/title>\n<meta name=\"description\" content=\"Noi, prietenii dumneavoastr\u0103 de la Romanian Community of Ireland, v\u0103 invit\u0103m s\u0103 s\u0103rb\u0103torim \u00eempreun\u0103 Ziua Na\u0163ional\u0103 a Rom\u00e2niei !\" \/>\n<meta name=\"robots\" content=\"index, follow, max-snippet:-1, max-image-preview:large, max-video-preview:-1\" \/>\n<link rel=\"canonical\" href=\"http:\/\/www.romaniancommunity.net\/rci\/sarbatorim-la-dublin-ziua-nationala-romaniei\/\" \/>\n<meta property=\"og:locale\" content=\"en_US\" \/>\n<meta property=\"og:type\" content=\"article\" \/>\n<meta property=\"og:title\" content=\"S\u0103rb\u0103torim la Dublin Ziua Na\u021bional\u0103 a Rom\u00e2niei\" \/>\n<meta property=\"og:description\" content=\"Noi, prietenii dumneavoastr\u0103 de la Romanian Community of Ireland, v\u0103 invit\u0103m s\u0103 s\u0103rb\u0103torim \u00eempreun\u0103 Ziua Na\u0163ional\u0103 a Rom\u00e2niei !\" \/>\n<meta property=\"og:url\" content=\"http:\/\/www.romaniancommunity.net\/rci\/sarbatorim-la-dublin-ziua-nationala-romaniei\/\" \/>\n<meta property=\"og:site_name\" content=\"Romanian Community of Ireland\" \/>\n<meta property=\"article:publisher\" content=\"https:\/\/www.facebook.com\/RomanianCommunityOfIreland\/\" \/>\n<meta property=\"article:published_time\" content=\"2016-11-23T12:45:27+00:00\" \/>\n<meta property=\"article:modified_time\" content=\"2016-11-25T13:22:30+00:00\" \/>\n<meta property=\"og:image\" content=\"http:\/\/www.romaniancommunity.net\/rci\/wp-content\/uploads\/2015\/04\/ZiuaNationala_2016.jpg\" \/>\n\t<meta property=\"og:image:width\" content=\"560\" \/>\n\t<meta property=\"og:image:height\" content=\"800\" \/>\n\t<meta property=\"og:image:type\" content=\"image\/jpeg\" \/>\n<meta name=\"author\" content=\"Anca Lupu\" \/>\n<meta name=\"twitter:card\" content=\"summary_large_image\" \/>\n<meta name=\"twitter:label1\" content=\"Written by\" \/>\n\t<meta name=\"twitter:data1\" content=\"Anca Lupu\" \/>\n\t<meta name=\"twitter:label2\" content=\"Est. reading time\" \/>\n\t<meta name=\"twitter:data2\" content=\"1 minute\" \/>\n<script type=\"application\/ld+json\" class=\"yoast-schema-graph\">{\"@context\":\"https:\\\/\\\/schema.org\",\"@graph\":[{\"@type\":\"Article\",\"@id\":\"http:\\\/\\\/www.romaniancommunity.net\\\/rci\\\/sarbatorim-la-dublin-ziua-nationala-romaniei\\\/#article\",\"isPartOf\":{\"@id\":\"http:\\\/\\\/www.romaniancommunity.net\\\/rci\\\/sarbatorim-la-dublin-ziua-nationala-romaniei\\\/\"},\"author\":{\"name\":\"Anca Lupu\",\"@id\":\"http:\\\/\\\/www.romaniancommunity.net\\\/rci\\\/#\\\/schema\\\/person\\\/8d42ff1fbc9520cc8a727cafad2c1cc7\"},\"headline\":\"***S\u0103rb\u0103torim la Dublin Ziua Na\u021bional\u0103 a Rom\u00e2niei***\",\"datePublished\":\"2016-11-23T12:45:27+00:00\",\"dateModified\":\"2016-11-25T13:22:30+00:00\",\"mainEntityOfPage\":{\"@id\":\"http:\\\/\\\/www.romaniancommunity.net\\\/rci\\\/sarbatorim-la-dublin-ziua-nationala-romaniei\\\/\"},\"wordCount\":269,\"image\":{\"@id\":\"http:\\\/\\\/www.romaniancommunity.net\\\/rci\\\/sarbatorim-la-dublin-ziua-nationala-romaniei\\\/#primaryimage\"},\"thumbnailUrl\":\"https:\\\/\\\/www.romaniancommunity.net\\\/rci\\\/wp-content\\\/uploads\\\/2015\\\/04\\\/ZiuaNationala_2016.jpg\",\"articleSection\":[\"Evenimente\"],\"inLanguage\":\"en-US\"},{\"@type\":\"WebPage\",\"@id\":\"http:\\\/\\\/www.romaniancommunity.net\\\/rci\\\/sarbatorim-la-dublin-ziua-nationala-romaniei\\\/\",\"url\":\"http:\\\/\\\/www.romaniancommunity.net\\\/rci\\\/sarbatorim-la-dublin-ziua-nationala-romaniei\\\/\",\"name\":\"S\u0103rb\u0103torim la Dublin Ziua Na\u021bional\u0103 a Rom\u00e2niei\",\"isPartOf\":{\"@id\":\"http:\\\/\\\/www.romaniancommunity.net\\\/rci\\\/#website\"},\"primaryImageOfPage\":{\"@id\":\"http:\\\/\\\/www.romaniancommunity.net\\\/rci\\\/sarbatorim-la-dublin-ziua-nationala-romaniei\\\/#primaryimage\"},\"image\":{\"@id\":\"http:\\\/\\\/www.romaniancommunity.net\\\/rci\\\/sarbatorim-la-dublin-ziua-nationala-romaniei\\\/#primaryimage\"},\"thumbnailUrl\":\"https:\\\/\\\/www.romaniancommunity.net\\\/rci\\\/wp-content\\\/uploads\\\/2015\\\/04\\\/ZiuaNationala_2016.jpg\",\"datePublished\":\"2016-11-23T12:45:27+00:00\",\"dateModified\":\"2016-11-25T13:22:30+00:00\",\"author\":{\"@id\":\"http:\\\/\\\/www.romaniancommunity.net\\\/rci\\\/#\\\/schema\\\/person\\\/8d42ff1fbc9520cc8a727cafad2c1cc7\"},\"description\":\"Noi, prietenii dumneavoastr\u0103 de la Romanian Community of Ireland, v\u0103 invit\u0103m s\u0103 s\u0103rb\u0103torim \u00eempreun\u0103 Ziua Na\u0163ional\u0103 a Rom\u00e2niei !\",\"breadcrumb\":{\"@id\":\"http:\\\/\\\/www.romaniancommunity.net\\\/rci\\\/sarbatorim-la-dublin-ziua-nationala-romaniei\\\/#breadcrumb\"},\"inLanguage\":\"en-US\",\"potentialAction\":[{\"@type\":\"ReadAction\",\"target\":[\"http:\\\/\\\/www.romaniancommunity.net\\\/rci\\\/sarbatorim-la-dublin-ziua-nationala-romaniei\\\/\"]}]},{\"@type\":\"ImageObject\",\"inLanguage\":\"en-US\",\"@id\":\"http:\\\/\\\/www.romaniancommunity.net\\\/rci\\\/sarbatorim-la-dublin-ziua-nationala-romaniei\\\/#primaryimage\",\"url\":\"https:\\\/\\\/www.romaniancommunity.net\\\/rci\\\/wp-content\\\/uploads\\\/2015\\\/04\\\/ZiuaNationala_2016.jpg\",\"contentUrl\":\"https:\\\/\\\/www.romaniancommunity.net\\\/rci\\\/wp-content\\\/uploads\\\/2015\\\/04\\\/ZiuaNationala_2016.jpg\",\"width\":560,\"height\":800},{\"@type\":\"BreadcrumbList\",\"@id\":\"http:\\\/\\\/www.romaniancommunity.net\\\/rci\\\/sarbatorim-la-dublin-ziua-nationala-romaniei\\\/#breadcrumb\",\"itemListElement\":[{\"@type\":\"ListItem\",\"position\":1,\"name\":\"Home\",\"item\":\"http:\\\/\\\/www.romaniancommunity.net\\\/rci\\\/\"},{\"@type\":\"ListItem\",\"position\":2,\"name\":\"***S\u0103rb\u0103torim la Dublin Ziua Na\u021bional\u0103 a Rom\u00e2niei***\"}]},{\"@type\":\"WebSite\",\"@id\":\"http:\\\/\\\/www.romaniancommunity.net\\\/rci\\\/#website\",\"url\":\"http:\\\/\\\/www.romaniancommunity.net\\\/rci\\\/\",\"name\":\"Romanian Community of Ireland\",\"description\":\"Comunitatea Rom\u00e2nilor din Irlanda\",\"potentialAction\":[{\"@type\":\"SearchAction\",\"target\":{\"@type\":\"EntryPoint\",\"urlTemplate\":\"http:\\\/\\\/www.romaniancommunity.net\\\/rci\\\/?s={search_term_string}\"},\"query-input\":{\"@type\":\"PropertyValueSpecification\",\"valueRequired\":true,\"valueName\":\"search_term_string\"}}],\"inLanguage\":\"en-US\"},{\"@type\":\"Person\",\"@id\":\"http:\\\/\\\/www.romaniancommunity.net\\\/rci\\\/#\\\/schema\\\/person\\\/8d42ff1fbc9520cc8a727cafad2c1cc7\",\"name\":\"Anca Lupu\",\"image\":{\"@type\":\"ImageObject\",\"inLanguage\":\"en-US\",\"@id\":\"https:\\\/\\\/secure.gravatar.com\\\/avatar\\\/ad9921ccc656c6d829e2261411c42ae9e1d223ec926160ce5055394649ebe98e?s=96&d=mm&r=g\",\"url\":\"https:\\\/\\\/secure.gravatar.com\\\/avatar\\\/ad9921ccc656c6d829e2261411c42ae9e1d223ec926160ce5055394649ebe98e?s=96&d=mm&r=g\",\"contentUrl\":\"https:\\\/\\\/secure.gravatar.com\\\/avatar\\\/ad9921ccc656c6d829e2261411c42ae9e1d223ec926160ce5055394649ebe98e?s=96&d=mm&r=g\",\"caption\":\"Anca Lupu\"},\"url\":\"https:\\\/\\\/www.romaniancommunity.net\\\/rci\\\/author\\\/anca\\\/\"}]}<\/script>\n<!-- \/ Yoast SEO plugin. -->","yoast_head_json":{"title":"S\u0103rb\u0103torim la Dublin Ziua Na\u021bional\u0103 a Rom\u00e2niei","description":"Noi, prietenii dumneavoastr\u0103 de la Romanian Community of Ireland, v\u0103 invit\u0103m s\u0103 s\u0103rb\u0103torim \u00eempreun\u0103 Ziua Na\u0163ional\u0103 a Rom\u00e2niei !","robots":{"index":"index","follow":"follow","max-snippet":"max-snippet:-1","max-image-preview":"max-image-preview:large","max-video-preview":"max-video-preview:-1"},"canonical":"http:\/\/www.romaniancommunity.net\/rci\/sarbatorim-la-dublin-ziua-nationala-romaniei\/","og_locale":"en_US","og_type":"article","og_title":"S\u0103rb\u0103torim la Dublin Ziua Na\u021bional\u0103 a Rom\u00e2niei","og_description":"Noi, prietenii dumneavoastr\u0103 de la Romanian Community of Ireland, v\u0103 invit\u0103m s\u0103 s\u0103rb\u0103torim \u00eempreun\u0103 Ziua Na\u0163ional\u0103 a Rom\u00e2niei !","og_url":"http:\/\/www.romaniancommunity.net\/rci\/sarbatorim-la-dublin-ziua-nationala-romaniei\/","og_site_name":"Romanian Community of Ireland","article_publisher":"https:\/\/www.facebook.com\/RomanianCommunityOfIreland\/","article_published_time":"2016-11-23T12:45:27+00:00","article_modified_time":"2016-11-25T13:22:30+00:00","og_image":[{"width":560,"height":800,"url":"http:\/\/www.romaniancommunity.net\/rci\/wp-content\/uploads\/2015\/04\/ZiuaNationala_2016.jpg","type":"image\/jpeg"}],"author":"Anca Lupu","twitter_card":"summary_large_image","twitter_misc":{"Written by":"Anca Lupu","Est. reading time":"1 minute"},"schema":{"@context":"https:\/\/schema.org","@graph":[{"@type":"Article","@id":"http:\/\/www.romaniancommunity.net\/rci\/sarbatorim-la-dublin-ziua-nationala-romaniei\/#article","isPartOf":{"@id":"http:\/\/www.romaniancommunity.net\/rci\/sarbatorim-la-dublin-ziua-nationala-romaniei\/"},"author":{"name":"Anca Lupu","@id":"http:\/\/www.romaniancommunity.net\/rci\/#\/schema\/person\/8d42ff1fbc9520cc8a727cafad2c1cc7"},"headline":"***S\u0103rb\u0103torim la Dublin Ziua Na\u021bional\u0103 a Rom\u00e2niei***","datePublished":"2016-11-23T12:45:27+00:00","dateModified":"2016-11-25T13:22:30+00:00","mainEntityOfPage":{"@id":"http:\/\/www.romaniancommunity.net\/rci\/sarbatorim-la-dublin-ziua-nationala-romaniei\/"},"wordCount":269,"image":{"@id":"http:\/\/www.romaniancommunity.net\/rci\/sarbatorim-la-dublin-ziua-nationala-romaniei\/#primaryimage"},"thumbnailUrl":"https:\/\/www.romaniancommunity.net\/rci\/wp-content\/uploads\/2015\/04\/ZiuaNationala_2016.jpg","articleSection":["Evenimente"],"inLanguage":"en-US"},{"@type":"WebPage","@id":"http:\/\/www.romaniancommunity.net\/rci\/sarbatorim-la-dublin-ziua-nationala-romaniei\/","url":"http:\/\/www.romaniancommunity.net\/rci\/sarbatorim-la-dublin-ziua-nationala-romaniei\/","name":"S\u0103rb\u0103torim la Dublin Ziua Na\u021bional\u0103 a Rom\u00e2niei","isPartOf":{"@id":"http:\/\/www.romaniancommunity.net\/rci\/#website"},"primaryImageOfPage":{"@id":"http:\/\/www.romaniancommunity.net\/rci\/sarbatorim-la-dublin-ziua-nationala-romaniei\/#primaryimage"},"image":{"@id":"http:\/\/www.romaniancommunity.net\/rci\/sarbatorim-la-dublin-ziua-nationala-romaniei\/#primaryimage"},"thumbnailUrl":"https:\/\/www.romaniancommunity.net\/rci\/wp-content\/uploads\/2015\/04\/ZiuaNationala_2016.jpg","datePublished":"2016-11-23T12:45:27+00:00","dateModified":"2016-11-25T13:22:30+00:00","author":{"@id":"http:\/\/www.romaniancommunity.net\/rci\/#\/schema\/person\/8d42ff1fbc9520cc8a727cafad2c1cc7"},"description":"Noi, prietenii dumneavoastr\u0103 de la Romanian Community of Ireland, v\u0103 invit\u0103m s\u0103 s\u0103rb\u0103torim \u00eempreun\u0103 Ziua Na\u0163ional\u0103 a Rom\u00e2niei !","breadcrumb":{"@id":"http:\/\/www.romaniancommunity.net\/rci\/sarbatorim-la-dublin-ziua-nationala-romaniei\/#breadcrumb"},"inLanguage":"en-US","potentialAction":[{"@type":"ReadAction","target":["http:\/\/www.romaniancommunity.net\/rci\/sarbatorim-la-dublin-ziua-nationala-romaniei\/"]}]},{"@type":"ImageObject","inLanguage":"en-US","@id":"http:\/\/www.romaniancommunity.net\/rci\/sarbatorim-la-dublin-ziua-nationala-romaniei\/#primaryimage","url":"https:\/\/www.romaniancommunity.net\/rci\/wp-content\/uploads\/2015\/04\/ZiuaNationala_2016.jpg","contentUrl":"https:\/\/www.romaniancommunity.net\/rci\/wp-content\/uploads\/2015\/04\/ZiuaNationala_2016.jpg","width":560,"height":800},{"@type":"BreadcrumbList","@id":"http:\/\/www.romaniancommunity.net\/rci\/sarbatorim-la-dublin-ziua-nationala-romaniei\/#breadcrumb","itemListElement":[{"@type":"ListItem","position":1,"name":"Home","item":"http:\/\/www.romaniancommunity.net\/rci\/"},{"@type":"ListItem","position":2,"name":"***S\u0103rb\u0103torim la Dublin Ziua Na\u021bional\u0103 a Rom\u00e2niei***"}]},{"@type":"WebSite","@id":"http:\/\/www.romaniancommunity.net\/rci\/#website","url":"http:\/\/www.romaniancommunity.net\/rci\/","name":"Romanian Community of Ireland","description":"Comunitatea Rom\u00e2nilor din Irlanda","potentialAction":[{"@type":"SearchAction","target":{"@type":"EntryPoint","urlTemplate":"http:\/\/www.romaniancommunity.net\/rci\/?s={search_term_string}"},"query-input":{"@type":"PropertyValueSpecification","valueRequired":true,"valueName":"search_term_string"}}],"inLanguage":"en-US"},{"@type":"Person","@id":"http:\/\/www.romaniancommunity.net\/rci\/#\/schema\/person\/8d42ff1fbc9520cc8a727cafad2c1cc7","name":"Anca Lupu","image":{"@type":"ImageObject","inLanguage":"en-US","@id":"https:\/\/secure.gravatar.com\/avatar\/ad9921ccc656c6d829e2261411c42ae9e1d223ec926160ce5055394649ebe98e?s=96&d=mm&r=g","url":"https:\/\/secure.gravatar.com\/avatar\/ad9921ccc656c6d829e2261411c42ae9e1d223ec926160ce5055394649ebe98e?s=96&d=mm&r=g","contentUrl":"https:\/\/secure.gravatar.com\/avatar\/ad9921ccc656c6d829e2261411c42ae9e1d223ec926160ce5055394649ebe98e?s=96&d=mm&r=g","caption":"Anca Lupu"},"url":"https:\/\/www.romaniancommunity.net\/rci\/author\/anca\/"}]}},"_links":{"self":[{"href":"https:\/\/www.romaniancommunity.net\/rci\/wp-json\/wp\/v2\/posts\/2912","targetHints":{"allow":["GET"]}}],"collection":[{"href":"https:\/\/www.romaniancommunity.net\/rci\/wp-json\/wp\/v2\/posts"}],"about":[{"href":"https:\/\/www.romaniancommunity.net\/rci\/wp-json\/wp\/v2\/types\/post"}],"author":[{"embeddable":true,"href":"https:\/\/www.romaniancommunity.net\/rci\/wp-json\/wp\/v2\/users\/7"}],"replies":[{"embeddable":true,"href":"https:\/\/www.romaniancommunity.net\/rci\/wp-json\/wp\/v2\/comments?post=2912"}],"version-history":[{"count":4,"href":"https:\/\/www.romaniancommunity.net\/rci\/wp-json\/wp\/v2\/posts\/2912\/revisions"}],"predecessor-version":[{"id":2922,"href":"https:\/\/www.romaniancommunity.net\/rci\/wp-json\/wp\/v2\/posts\/2912\/revisions\/2922"}],"wp:featuredmedia":[{"embeddable":true,"href":"https:\/\/www.romaniancommunity.net\/rci\/wp-json\/wp\/v2\/media\/2920"}],"wp:attachment":[{"href":"https:\/\/www.romaniancommunity.net\/rci\/wp-json\/wp\/v2\/media?parent=2912"}],"wp:term":[{"taxonomy":"category","embeddable":true,"href":"https:\/\/www.romaniancommunity.net\/rci\/wp-json\/wp\/v2\/categories?post=2912"},{"taxonomy":"post_tag","embeddable":true,"href":"https:\/\/www.romaniancommunity.net\/rci\/wp-json\/wp\/v2\/tags?post=2912"}],"curies":[{"name":"wp","href":"https:\/\/api.w.org\/{rel}","templated":true}]}}