{"id":2096,"date":"2015-11-29T17:40:29","date_gmt":"2015-11-29T17:40:29","guid":{"rendered":"http:\/\/www.romaniancommunity.net\/rci\/?p=2096"},"modified":"2016-09-05T14:10:25","modified_gmt":"2016-09-05T14:10:25","slug":"ziua-nationala-a-romaniei-30-noiembrie-2015","status":"publish","type":"post","link":"https:\/\/www.romaniancommunity.net\/rci\/ziua-nationala-a-romaniei-30-noiembrie-2015\/","title":{"rendered":"S\u0103rb\u0103torim Ziua Na\u0163ional\u0103 a Rom\u00e2niei, 30 Decembrie 2015"},"content":{"rendered":"<p><a href=\"http:\/\/www.romaniancommunity.net\/rci\/wp-content\/uploads\/2015\/11\/18-2015-dec-Ziua-Nationala.jpg\"><img loading=\"lazy\" decoding=\"async\" class=\"alignleft size-full wp-image-1961\" src=\"http:\/\/www.romaniancommunity.net\/rci\/wp-content\/uploads\/2015\/11\/18-2015-dec-Ziua-Nationala.jpg\" alt=\"18- 2015 dec Ziua Nationala\" width=\"280\" height=\"175\" \/><\/a>Organiza\u0163iile Romanian Community of Ireland \u015fi BD Connects au deosebita pl\u0103cere de a v\u0103 invita la Ziua Na\u0163ional\u0103 a Rom\u00e2niei luni, 30 noiembrie 2015, \u00eencep\u00e2nd cu ora 19.00, la East Side Tavern, Leeson Street Lower Dublin 2. Evenimentul va cuprinde s\u0103rb\u0103torirea Zilei Na\u0163ionale c\u00e2t \u015fi lansarea noului website al organiza\u0163iei RCI. V\u0103 astept\u0103m cu mult drag, \u00eentr-un cadru festiv \u015fi cu mult\u0103 muzic\u0103 folk. Intrarea este libera, \u00eens\u0103 locurile sunt limitate. V\u0103 rug\u0103m s\u0103 ne confirma\u0163i prezen\u0163a dvs prin email la events@romaniancommunity.net. RCI &amp; BD Connects<\/p>\n","protected":false},"excerpt":{"rendered":"<p>Organiza\u0163iile Romanian Community of Ireland \u015fi BD Connects au deosebita pl\u0103cere de a v\u0103 invita la Ziua Na\u0163ional\u0103 a Rom\u00e2niei luni, 30 noiembrie 2015, \u00eencep\u00e2nd cu ora 19.00, la East [&hellip;]<\/p>\n","protected":false},"author":7,"featured_media":1961,"comment_status":"closed","ping_status":"closed","sticky":false,"template":"","format":"standard","meta":{"footnotes":""},"categories":[9],"tags":[],"class_list":["post-2096","post","type-post","status-publish","format-standard","has-post-thumbnail","hentry","category-evenimente"],"yoast_head":"<!-- This site is optimized with the Yoast SEO plugin v27.5 - https:\/\/yoast.com\/product\/yoast-seo-wordpress\/ -->\n<title>S\u0103rb\u0103torim Ziua Na\u0163ional\u0103 a Rom\u00e2niei, 30 Decembrie 2015 - RCI<\/title>\n<meta name=\"description\" content=\"Organiza\u0163iile Romanian Community of Ireland \u015fi BD Connects au deosebita pl\u0103cere de a v\u0103 invita la Ziua Na\u0163ional\u0103 a Rom\u00e2niei luni, 30 noiembrie\" \/>\n<meta name=\"robots\" content=\"index, follow, max-snippet:-1, max-image-preview:large, max-video-preview:-1\" \/>\n<link rel=\"canonical\" href=\"https:\/\/www.romaniancommunity.net\/rci\/ziua-nationala-a-romaniei-30-noiembrie-2015\/\" \/>\n<meta property=\"og:locale\" content=\"en_US\" \/>\n<meta property=\"og:type\" content=\"article\" \/>\n<meta property=\"og:title\" content=\"S\u0103rb\u0103torim Ziua Na\u0163ional\u0103 a Rom\u00e2niei, 30 Decembrie 2015 - RCI\" \/>\n<meta property=\"og:description\" content=\"Organiza\u0163iile Romanian Community of Ireland \u015fi BD Connects au deosebita pl\u0103cere de a v\u0103 invita la Ziua Na\u0163ional\u0103 a Rom\u00e2niei luni, 30 noiembrie\" \/>\n<meta property=\"og:url\" content=\"https:\/\/www.romaniancommunity.net\/rci\/ziua-nationala-a-romaniei-30-noiembrie-2015\/\" \/>\n<meta property=\"og:site_name\" content=\"Romanian Community of Ireland\" \/>\n<meta property=\"article:publisher\" content=\"https:\/\/www.facebook.com\/RomanianCommunityOfIreland\/\" \/>\n<meta property=\"article:published_time\" content=\"2015-11-29T17:40:29+00:00\" \/>\n<meta property=\"article:modified_time\" content=\"2016-09-05T14:10:25+00:00\" \/>\n<meta property=\"og:image\" content=\"https:\/\/www.romaniancommunity.net\/rci\/wp-content\/uploads\/2015\/11\/18-2015-dec-Ziua-Nationala.jpg\" \/>\n\t<meta property=\"og:image:width\" content=\"280\" \/>\n\t<meta property=\"og:image:height\" content=\"175\" \/>\n\t<meta property=\"og:image:type\" content=\"image\/jpeg\" \/>\n<meta name=\"author\" content=\"Anca Lupu\" \/>\n<meta name=\"twitter:card\" content=\"summary_large_image\" \/>\n<meta name=\"twitter:label1\" content=\"Written by\" \/>\n\t<meta name=\"twitter:data1\" content=\"Anca Lupu\" \/>\n<script type=\"application\/ld+json\" class=\"yoast-schema-graph\">{\"@context\":\"https:\\\/\\\/schema.org\",\"@graph\":[{\"@type\":\"Article\",\"@id\":\"https:\\\/\\\/www.romaniancommunity.net\\\/rci\\\/ziua-nationala-a-romaniei-30-noiembrie-2015\\\/#article\",\"isPartOf\":{\"@id\":\"https:\\\/\\\/www.romaniancommunity.net\\\/rci\\\/ziua-nationala-a-romaniei-30-noiembrie-2015\\\/\"},\"author\":{\"name\":\"Anca Lupu\",\"@id\":\"http:\\\/\\\/www.romaniancommunity.net\\\/rci\\\/#\\\/schema\\\/person\\\/8d42ff1fbc9520cc8a727cafad2c1cc7\"},\"headline\":\"S\u0103rb\u0103torim Ziua Na\u0163ional\u0103 a Rom\u00e2niei, 30 Decembrie 2015\",\"datePublished\":\"2015-11-29T17:40:29+00:00\",\"dateModified\":\"2016-09-05T14:10:25+00:00\",\"mainEntityOfPage\":{\"@id\":\"https:\\\/\\\/www.romaniancommunity.net\\\/rci\\\/ziua-nationala-a-romaniei-30-noiembrie-2015\\\/\"},\"wordCount\":108,\"image\":{\"@id\":\"https:\\\/\\\/www.romaniancommunity.net\\\/rci\\\/ziua-nationala-a-romaniei-30-noiembrie-2015\\\/#primaryimage\"},\"thumbnailUrl\":\"https:\\\/\\\/www.romaniancommunity.net\\\/rci\\\/wp-content\\\/uploads\\\/2015\\\/11\\\/18-2015-dec-Ziua-Nationala.jpg\",\"articleSection\":[\"Evenimente\"],\"inLanguage\":\"en-US\"},{\"@type\":\"WebPage\",\"@id\":\"https:\\\/\\\/www.romaniancommunity.net\\\/rci\\\/ziua-nationala-a-romaniei-30-noiembrie-2015\\\/\",\"url\":\"https:\\\/\\\/www.romaniancommunity.net\\\/rci\\\/ziua-nationala-a-romaniei-30-noiembrie-2015\\\/\",\"name\":\"S\u0103rb\u0103torim Ziua Na\u0163ional\u0103 a Rom\u00e2niei, 30 Decembrie 2015 - RCI\",\"isPartOf\":{\"@id\":\"http:\\\/\\\/www.romaniancommunity.net\\\/rci\\\/#website\"},\"primaryImageOfPage\":{\"@id\":\"https:\\\/\\\/www.romaniancommunity.net\\\/rci\\\/ziua-nationala-a-romaniei-30-noiembrie-2015\\\/#primaryimage\"},\"image\":{\"@id\":\"https:\\\/\\\/www.romaniancommunity.net\\\/rci\\\/ziua-nationala-a-romaniei-30-noiembrie-2015\\\/#primaryimage\"},\"thumbnailUrl\":\"https:\\\/\\\/www.romaniancommunity.net\\\/rci\\\/wp-content\\\/uploads\\\/2015\\\/11\\\/18-2015-dec-Ziua-Nationala.jpg\",\"datePublished\":\"2015-11-29T17:40:29+00:00\",\"dateModified\":\"2016-09-05T14:10:25+00:00\",\"author\":{\"@id\":\"http:\\\/\\\/www.romaniancommunity.net\\\/rci\\\/#\\\/schema\\\/person\\\/8d42ff1fbc9520cc8a727cafad2c1cc7\"},\"description\":\"Organiza\u0163iile Romanian Community of Ireland \u015fi BD Connects au deosebita pl\u0103cere de a v\u0103 invita la Ziua Na\u0163ional\u0103 a Rom\u00e2niei luni, 30 noiembrie\",\"breadcrumb\":{\"@id\":\"https:\\\/\\\/www.romaniancommunity.net\\\/rci\\\/ziua-nationala-a-romaniei-30-noiembrie-2015\\\/#breadcrumb\"},\"inLanguage\":\"en-US\",\"potentialAction\":[{\"@type\":\"ReadAction\",\"target\":[\"https:\\\/\\\/www.romaniancommunity.net\\\/rci\\\/ziua-nationala-a-romaniei-30-noiembrie-2015\\\/\"]}]},{\"@type\":\"ImageObject\",\"inLanguage\":\"en-US\",\"@id\":\"https:\\\/\\\/www.romaniancommunity.net\\\/rci\\\/ziua-nationala-a-romaniei-30-noiembrie-2015\\\/#primaryimage\",\"url\":\"https:\\\/\\\/www.romaniancommunity.net\\\/rci\\\/wp-content\\\/uploads\\\/2015\\\/11\\\/18-2015-dec-Ziua-Nationala.jpg\",\"contentUrl\":\"https:\\\/\\\/www.romaniancommunity.net\\\/rci\\\/wp-content\\\/uploads\\\/2015\\\/11\\\/18-2015-dec-Ziua-Nationala.jpg\",\"width\":280,\"height\":175,\"caption\":\"S\u0103rb\u0103torim Ziua Na\u0163ional\u0103 a Rom\u00e2niei,\"},{\"@type\":\"BreadcrumbList\",\"@id\":\"https:\\\/\\\/www.romaniancommunity.net\\\/rci\\\/ziua-nationala-a-romaniei-30-noiembrie-2015\\\/#breadcrumb\",\"itemListElement\":[{\"@type\":\"ListItem\",\"position\":1,\"name\":\"Home\",\"item\":\"http:\\\/\\\/www.romaniancommunity.net\\\/rci\\\/\"},{\"@type\":\"ListItem\",\"position\":2,\"name\":\"S\u0103rb\u0103torim Ziua Na\u0163ional\u0103 a Rom\u00e2niei, 30 Decembrie 2015\"}]},{\"@type\":\"WebSite\",\"@id\":\"http:\\\/\\\/www.romaniancommunity.net\\\/rci\\\/#website\",\"url\":\"http:\\\/\\\/www.romaniancommunity.net\\\/rci\\\/\",\"name\":\"Romanian Community of Ireland\",\"description\":\"Comunitatea Rom\u00e2nilor din Irlanda\",\"potentialAction\":[{\"@type\":\"SearchAction\",\"target\":{\"@type\":\"EntryPoint\",\"urlTemplate\":\"http:\\\/\\\/www.romaniancommunity.net\\\/rci\\\/?s={search_term_string}\"},\"query-input\":{\"@type\":\"PropertyValueSpecification\",\"valueRequired\":true,\"valueName\":\"search_term_string\"}}],\"inLanguage\":\"en-US\"},{\"@type\":\"Person\",\"@id\":\"http:\\\/\\\/www.romaniancommunity.net\\\/rci\\\/#\\\/schema\\\/person\\\/8d42ff1fbc9520cc8a727cafad2c1cc7\",\"name\":\"Anca Lupu\",\"image\":{\"@type\":\"ImageObject\",\"inLanguage\":\"en-US\",\"@id\":\"https:\\\/\\\/secure.gravatar.com\\\/avatar\\\/ad9921ccc656c6d829e2261411c42ae9e1d223ec926160ce5055394649ebe98e?s=96&d=mm&r=g\",\"url\":\"https:\\\/\\\/secure.gravatar.com\\\/avatar\\\/ad9921ccc656c6d829e2261411c42ae9e1d223ec926160ce5055394649ebe98e?s=96&d=mm&r=g\",\"contentUrl\":\"https:\\\/\\\/secure.gravatar.com\\\/avatar\\\/ad9921ccc656c6d829e2261411c42ae9e1d223ec926160ce5055394649ebe98e?s=96&d=mm&r=g\",\"caption\":\"Anca Lupu\"},\"url\":\"https:\\\/\\\/www.romaniancommunity.net\\\/rci\\\/author\\\/anca\\\/\"}]}<\/script>\n<!-- \/ Yoast SEO plugin. -->","yoast_head_json":{"title":"S\u0103rb\u0103torim Ziua Na\u0163ional\u0103 a Rom\u00e2niei, 30 Decembrie 2015 - RCI","description":"Organiza\u0163iile Romanian Community of Ireland \u015fi BD Connects au deosebita pl\u0103cere de a v\u0103 invita la Ziua Na\u0163ional\u0103 a Rom\u00e2niei luni, 30 noiembrie","robots":{"index":"index","follow":"follow","max-snippet":"max-snippet:-1","max-image-preview":"max-image-preview:large","max-video-preview":"max-video-preview:-1"},"canonical":"https:\/\/www.romaniancommunity.net\/rci\/ziua-nationala-a-romaniei-30-noiembrie-2015\/","og_locale":"en_US","og_type":"article","og_title":"S\u0103rb\u0103torim Ziua Na\u0163ional\u0103 a Rom\u00e2niei, 30 Decembrie 2015 - RCI","og_description":"Organiza\u0163iile Romanian Community of Ireland \u015fi BD Connects au deosebita pl\u0103cere de a v\u0103 invita la Ziua Na\u0163ional\u0103 a Rom\u00e2niei luni, 30 noiembrie","og_url":"https:\/\/www.romaniancommunity.net\/rci\/ziua-nationala-a-romaniei-30-noiembrie-2015\/","og_site_name":"Romanian Community of Ireland","article_publisher":"https:\/\/www.facebook.com\/RomanianCommunityOfIreland\/","article_published_time":"2015-11-29T17:40:29+00:00","article_modified_time":"2016-09-05T14:10:25+00:00","og_image":[{"width":280,"height":175,"url":"https:\/\/www.romaniancommunity.net\/rci\/wp-content\/uploads\/2015\/11\/18-2015-dec-Ziua-Nationala.jpg","type":"image\/jpeg"}],"author":"Anca Lupu","twitter_card":"summary_large_image","twitter_misc":{"Written by":"Anca Lupu"},"schema":{"@context":"https:\/\/schema.org","@graph":[{"@type":"Article","@id":"https:\/\/www.romaniancommunity.net\/rci\/ziua-nationala-a-romaniei-30-noiembrie-2015\/#article","isPartOf":{"@id":"https:\/\/www.romaniancommunity.net\/rci\/ziua-nationala-a-romaniei-30-noiembrie-2015\/"},"author":{"name":"Anca Lupu","@id":"http:\/\/www.romaniancommunity.net\/rci\/#\/schema\/person\/8d42ff1fbc9520cc8a727cafad2c1cc7"},"headline":"S\u0103rb\u0103torim Ziua Na\u0163ional\u0103 a Rom\u00e2niei, 30 Decembrie 2015","datePublished":"2015-11-29T17:40:29+00:00","dateModified":"2016-09-05T14:10:25+00:00","mainEntityOfPage":{"@id":"https:\/\/www.romaniancommunity.net\/rci\/ziua-nationala-a-romaniei-30-noiembrie-2015\/"},"wordCount":108,"image":{"@id":"https:\/\/www.romaniancommunity.net\/rci\/ziua-nationala-a-romaniei-30-noiembrie-2015\/#primaryimage"},"thumbnailUrl":"https:\/\/www.romaniancommunity.net\/rci\/wp-content\/uploads\/2015\/11\/18-2015-dec-Ziua-Nationala.jpg","articleSection":["Evenimente"],"inLanguage":"en-US"},{"@type":"WebPage","@id":"https:\/\/www.romaniancommunity.net\/rci\/ziua-nationala-a-romaniei-30-noiembrie-2015\/","url":"https:\/\/www.romaniancommunity.net\/rci\/ziua-nationala-a-romaniei-30-noiembrie-2015\/","name":"S\u0103rb\u0103torim Ziua Na\u0163ional\u0103 a Rom\u00e2niei, 30 Decembrie 2015 - RCI","isPartOf":{"@id":"http:\/\/www.romaniancommunity.net\/rci\/#website"},"primaryImageOfPage":{"@id":"https:\/\/www.romaniancommunity.net\/rci\/ziua-nationala-a-romaniei-30-noiembrie-2015\/#primaryimage"},"image":{"@id":"https:\/\/www.romaniancommunity.net\/rci\/ziua-nationala-a-romaniei-30-noiembrie-2015\/#primaryimage"},"thumbnailUrl":"https:\/\/www.romaniancommunity.net\/rci\/wp-content\/uploads\/2015\/11\/18-2015-dec-Ziua-Nationala.jpg","datePublished":"2015-11-29T17:40:29+00:00","dateModified":"2016-09-05T14:10:25+00:00","author":{"@id":"http:\/\/www.romaniancommunity.net\/rci\/#\/schema\/person\/8d42ff1fbc9520cc8a727cafad2c1cc7"},"description":"Organiza\u0163iile Romanian Community of Ireland \u015fi BD Connects au deosebita pl\u0103cere de a v\u0103 invita la Ziua Na\u0163ional\u0103 a Rom\u00e2niei luni, 30 noiembrie","breadcrumb":{"@id":"https:\/\/www.romaniancommunity.net\/rci\/ziua-nationala-a-romaniei-30-noiembrie-2015\/#breadcrumb"},"inLanguage":"en-US","potentialAction":[{"@type":"ReadAction","target":["https:\/\/www.romaniancommunity.net\/rci\/ziua-nationala-a-romaniei-30-noiembrie-2015\/"]}]},{"@type":"ImageObject","inLanguage":"en-US","@id":"https:\/\/www.romaniancommunity.net\/rci\/ziua-nationala-a-romaniei-30-noiembrie-2015\/#primaryimage","url":"https:\/\/www.romaniancommunity.net\/rci\/wp-content\/uploads\/2015\/11\/18-2015-dec-Ziua-Nationala.jpg","contentUrl":"https:\/\/www.romaniancommunity.net\/rci\/wp-content\/uploads\/2015\/11\/18-2015-dec-Ziua-Nationala.jpg","width":280,"height":175,"caption":"S\u0103rb\u0103torim Ziua Na\u0163ional\u0103 a Rom\u00e2niei,"},{"@type":"BreadcrumbList","@id":"https:\/\/www.romaniancommunity.net\/rci\/ziua-nationala-a-romaniei-30-noiembrie-2015\/#breadcrumb","itemListElement":[{"@type":"ListItem","position":1,"name":"Home","item":"http:\/\/www.romaniancommunity.net\/rci\/"},{"@type":"ListItem","position":2,"name":"S\u0103rb\u0103torim Ziua Na\u0163ional\u0103 a Rom\u00e2niei, 30 Decembrie 2015"}]},{"@type":"WebSite","@id":"http:\/\/www.romaniancommunity.net\/rci\/#website","url":"http:\/\/www.romaniancommunity.net\/rci\/","name":"Romanian Community of Ireland","description":"Comunitatea Rom\u00e2nilor din Irlanda","potentialAction":[{"@type":"SearchAction","target":{"@type":"EntryPoint","urlTemplate":"http:\/\/www.romaniancommunity.net\/rci\/?s={search_term_string}"},"query-input":{"@type":"PropertyValueSpecification","valueRequired":true,"valueName":"search_term_string"}}],"inLanguage":"en-US"},{"@type":"Person","@id":"http:\/\/www.romaniancommunity.net\/rci\/#\/schema\/person\/8d42ff1fbc9520cc8a727cafad2c1cc7","name":"Anca Lupu","image":{"@type":"ImageObject","inLanguage":"en-US","@id":"https:\/\/secure.gravatar.com\/avatar\/ad9921ccc656c6d829e2261411c42ae9e1d223ec926160ce5055394649ebe98e?s=96&d=mm&r=g","url":"https:\/\/secure.gravatar.com\/avatar\/ad9921ccc656c6d829e2261411c42ae9e1d223ec926160ce5055394649ebe98e?s=96&d=mm&r=g","contentUrl":"https:\/\/secure.gravatar.com\/avatar\/ad9921ccc656c6d829e2261411c42ae9e1d223ec926160ce5055394649ebe98e?s=96&d=mm&r=g","caption":"Anca Lupu"},"url":"https:\/\/www.romaniancommunity.net\/rci\/author\/anca\/"}]}},"_links":{"self":[{"href":"https:\/\/www.romaniancommunity.net\/rci\/wp-json\/wp\/v2\/posts\/2096","targetHints":{"allow":["GET"]}}],"collection":[{"href":"https:\/\/www.romaniancommunity.net\/rci\/wp-json\/wp\/v2\/posts"}],"about":[{"href":"https:\/\/www.romaniancommunity.net\/rci\/wp-json\/wp\/v2\/types\/post"}],"author":[{"embeddable":true,"href":"https:\/\/www.romaniancommunity.net\/rci\/wp-json\/wp\/v2\/users\/7"}],"replies":[{"embeddable":true,"href":"https:\/\/www.romaniancommunity.net\/rci\/wp-json\/wp\/v2\/comments?post=2096"}],"version-history":[{"count":4,"href":"https:\/\/www.romaniancommunity.net\/rci\/wp-json\/wp\/v2\/posts\/2096\/revisions"}],"predecessor-version":[{"id":2106,"href":"https:\/\/www.romaniancommunity.net\/rci\/wp-json\/wp\/v2\/posts\/2096\/revisions\/2106"}],"wp:featuredmedia":[{"embeddable":true,"href":"https:\/\/www.romaniancommunity.net\/rci\/wp-json\/wp\/v2\/media\/1961"}],"wp:attachment":[{"href":"https:\/\/www.romaniancommunity.net\/rci\/wp-json\/wp\/v2\/media?parent=2096"}],"wp:term":[{"taxonomy":"category","embeddable":true,"href":"https:\/\/www.romaniancommunity.net\/rci\/wp-json\/wp\/v2\/categories?post=2096"},{"taxonomy":"post_tag","embeddable":true,"href":"https:\/\/www.romaniancommunity.net\/rci\/wp-json\/wp\/v2\/tags?post=2096"}],"curies":[{"name":"wp","href":"https:\/\/api.w.org\/{rel}","templated":true}]}}