{"id":1582,"date":"2015-01-19T13:23:18","date_gmt":"2015-01-19T13:23:18","guid":{"rendered":"http:\/\/www.romaniancommunity.net\/rci\/?p=1582"},"modified":"2016-09-05T15:30:42","modified_gmt":"2016-09-05T15:30:42","slug":"stefan-procopiu","status":"publish","type":"post","link":"http:\/\/www.romaniancommunity.net\/rci\/stefan-procopiu\/","title":{"rendered":"\u015etefan Procopiu"},"content":{"rendered":"<h4><b>\u015etefan Procopiu \u2013 academician, inventator \u0219i fizician de renume mondial.<\/b><\/h4>\n<p style=\"text-align: justify;\"><img loading=\"lazy\" decoding=\"async\" class=\"alignleft size-full wp-image-1585\" src=\"http:\/\/www.romaniancommunity.net\/rci\/wp-content\/uploads\/2015\/01\/procopiu01.jpg\" alt=\"procopiu01\" width=\"210\" height=\"319\" srcset=\"http:\/\/www.romaniancommunity.net\/rci\/wp-content\/uploads\/2015\/01\/procopiu01.jpg 210w, http:\/\/www.romaniancommunity.net\/rci\/wp-content\/uploads\/2015\/01\/procopiu01-197x300.jpg 197w\" sizes=\"auto, (max-width: 210px) 100vw, 210px\" \/>\u015etefan Procopiu s-a n\u0103scut la B\u00e2rlad, pe 19 ianuarie 1890, fiind primul copil dintre cei \u015fapte copii ai Ecaterinei \u015fi Emanoil Procopiu. T\u00e2narul \u015etefan Procopiu urmeaz\u0103 cursul primar, secundar \u015fi liceal la Liceul &#8220;Ro\u015fca Codreanu&#8221; din B\u00e2rlad. \u00cen perioada liceului Procopiu cite\u015fte \u015fi studiaz\u0103 foarte mult, cu prec\u0103dere literatura \u0219tiin\u021bific\u0103, dorind a deslu\u015fi &#8220;sensul realit\u0103\u0163ii \u015fi al vie\u0163ii&#8221;.<\/p>\n<p style=\"text-align: justify;\">\u00cen anul 1912 studentul Procopiu devine licen\u0163iat al sec\u0163iei fizico\u2013chimice a Facult\u0103\u0163ii de Stiin\u0163e din Ia\u015fi. \u00cen acelasi an este numit preparator la Universitatea din Ia\u015fi. Ulterior \u00ee\u0219i desf\u0103\u0219oar\u0103 activitatea la Facultatea de Fizic\u0103 din Bucure\u015fti, la \u00eenceput ca asistent suplinitor \u015fi apoi ca \u015fef de lucr\u0103ri \u00een cadrul Laboratorului aplica\u0163iilor c\u0103ldurii \u015fi electricit\u0103\u0163ii. \u00centre anii 1917 &#8211; 1919 a func\u021bionat la Catedra de Fizic\u0103 a Liceului \u201eGh. Ro\u0219ca Codreanu\u201d din B\u00e2rlad. A fost clasificat primul pe \u021bar\u0103 la examenul de capacitate \u00een anul 1919.<\/p>\n<p style=\"text-align: justify;\">\u00cen acelasi an ob\u0163ine o burs\u0103 \u015fi pleac\u0103 la Paris pentru studii de doctorat. Aici frecventeaz\u0103 cursurile unor savan\u0163i ilu\u015ftri ai vremii, precum Gabriel Lippman, Marie Curie, Paul Langevin, Aym\u00e9 Cotton. La 5 martie 1924 devine doctor \u00een Stiin\u0163e Fizice la Sorbona cu lucrarea &#8220;On the electric birefringence of suspensions&#8221;, iar p\u00e2n\u0103 atunci avea deja publicate 30 de lucr\u0103ri \u0219tiin\u021bifice. Este perioada \u00een care \u00eei cunoa\u0219te pe Einstein \u0219i Bohr, percum \u0219i alte personalit\u0103\u021bi mondiale \u00een domeniu, cu care ulterior va \u00eentre\u021bine o lung\u0103 coresponden\u021b\u0103.<\/p>\n<p style=\"text-align: justify;\">\u0218tefan Procopiu s-a dedicat \u015ftiin\u0163ei \u015fi cercet\u0103rii \u00eenc\u0103 din timpul studen\u0163iei. Primele rezultate remarcabile din cercetare sunt publicate \u00een anul 1913 sub titlul \u201cDeterminarea momentului magnetic molecular prin teoria cuantelor lui M. Planck\u201d ap\u0103rut\u0103 \u00een Bulletin Scientifique de l&#8217;Academie Roumaine de Sciences. \u00cen urma studiilor privind teoria cuantelor lui Planck \u015fi a teoriei magnetismului lui Langevin, Procopiu stabile\u015fte, pentru prima dat\u0103 \u00een lume, valoarea momentului magnetic molecular, numit \u015fi magnetonul teoretic. Este recunoscut faptul c\u0103 savantul rom\u00e2n a calculat valoarea magnetonului teoretic cu doi ani \u00eenaintea prof. A. Bohr din Danemarca. Dac\u0103 la momentul respectiv descoperirea ar fi fost publicat\u0103 \u015fi peste grani\u0163ele \u0163\u0103rii, i-ar fi adus cu certitudine Premiul Nobel. \u00cen literatura de specialitate din \u0163ara noastr\u0103 aceast\u0103 descoperire este cunoscut\u0103 sub denumirea de magnetonul Bohr-Procopiu, marelui fizician rom\u00e2n neacord\u00e2ndu-i-se Premiul Nobel dintr-o eroare a comisiei, acesta revenind doar fizicianului danez. Descoperirea f\u0103cut\u0103 de Procopiu \u00eel consacr\u0103 pe savantul rom\u00e2n \u00a0printre fizicienii de renume mondial.<\/p>\n<p style=\"text-align: justify;\">Fiind preocupat \u015fi de probleme tehnice, Procopiu public\u0103 la Bucure\u015fti, \u00een 1913, lucrarea \u201cCercet\u0103ri experimentale asupra telegrafiei f\u0103r\u0103 s\u00e2rma\u201d, iar \u00een 1916 inventeaz\u0103 un aparat pentru localizarea gloan\u0163elor din corpul r\u0103ni\u0163ilor, stabilind ad\u00e2ncimea la care se aflau acestea. Procopiu descoper\u0103 \u015fi analizeaz\u0103 \u00een laboratorul de fizic\u0103 al Universit\u0103\u0163ii Sorbona, \u00een anul 1921, un fenomen optic nou ce const\u0103 \u00een depolarizarea longitudinal\u0103 a luminii de c\u0103tre suspensii \u015fi coloizi. Aceast\u0103 descoperire a fost prezentat\u0103 \u00een \u015fedin\u0163a Academiei de \u015etiin\u0163e din Paris la 8 august 1921. Fenomenul este numit \u00een anul 1930, de c\u0103tre prof. A. Boutaric, Fenomenul Procopiu. O alt\u0103 descoperire fundamental\u0103 a fizicianului rom\u00e2n este Efectul Procopiu, care se refer\u0103 la discontinuit\u0103\u0163ile magnetice produse \u00eentr-un fir de material feromagnetic la trecerea prin el a unui curent electric alternativ.<\/p>\n<p style=\"text-align: justify;\"><img loading=\"lazy\" decoding=\"async\" class=\"alignright size-full wp-image-1586\" src=\"http:\/\/www.romaniancommunity.net\/rci\/wp-content\/uploads\/2015\/01\/procopiu02.jpg\" alt=\"procopiu02\" width=\"300\" height=\"226\" \/>Pe parcursul vie\u021bii, \u015etefan Procopiu a \u00eentocmit importante h\u0103r\u0163i magnetice ale \u0163\u0103rii. \u00cen Europa, era omul cu cele mai multe descoperiri \u00een magnetismul terestru. A stabilit de asemenea c\u0103, \u00eencep\u00eend din 1932, momentul magnetic al globului terestru a \u00eenceput s\u0103 creasc\u0103 de la Ecuator c\u0103tre Poli, dup\u0103 ce, timp de peste 100 de ani, a sc\u0103zut continuu. A solu\u021bionat astfel o controvers\u0103 care d\u0103inuia de decenii. A determinat \u015fi perioada acestei varia\u0163ii ca fiind de circa 500 de ani.<\/p>\n<p style=\"text-align: justify;\">Al\u0103turi de activitatea sa strict \u015ftiin\u0163ific\u0103, de mare descoperitor, savantul Procopiu a fost \u015fi autorul a numeroase inven\u0163ii \u015fi dispozitive experimentale. Era \u015fi un neobosit cadru didactic, care a format genera\u0163ii \u00eentregi de fizicieni experimentatori. \u00centre anii 1925 \u2013 1962 a fost profesor titular la catedra de Gravita\u021bie, C\u0103ldura \u0219i Electricitate a Universit\u0103\u021bii din Ia\u0219i ocup\u00e2nd mai multe posturi de conducere.<\/p>\n<p style=\"text-align: justify;\"><img loading=\"lazy\" decoding=\"async\" class=\"alignleft size-full wp-image-1584\" src=\"http:\/\/www.romaniancommunity.net\/rci\/wp-content\/uploads\/2015\/01\/procopiu03.jpg\" alt=\"procopiu03\" width=\"199\" height=\"300\" \/>A murit pe 22 august 1972, la 82 de ani, l\u0103s\u00e2nd \u00een urm\u0103 o activitate \u015ftiin\u0163ific\u0103 vast\u0103. \u00cen\u0163eleg\u00e2nd resorturile profunde ale studiului temeinic, \u015etefan Procopiu a \u00eenfiin\u0163at prima bibliotec\u0103 de fizic\u0103 a Universit\u0103\u0163ii, alc\u0103tuit\u0103 din c\u0103r\u0163i pe care chiar el le-a donat, multe aduse din str\u0103in\u0103tate. Dup\u0103 moartea sa, so\u0163ia a donat biblioteca de acas\u0103 aceleia\u015fi universit\u0103\u0163i.<\/p>\n<p style=\"text-align: justify;\">Pentru meritele sale \u0219tiintifice, a fost ales membru al Academiei Rom\u00e2ne \u00een 1955 \u0219i al mai multor societ\u0103\u0163i \u015ftiin\u0163ifice din \u0163ar\u0103 \u015fi str\u0103in\u0103tate, a fost laureat al Premiului de Stat \u00een 1964, de asemenea a primit titlul de Doctor Honoris Causa al Institutului Politehnic din Ia\u015fi. A fost pentru 2 ani consecutivi membru al Comisiei Mondiale de propuneri pentru Premiul Nobel \u00een Fizic\u0103. Pentru activitatea sa a fost distins cu Ordinul Muncii, Ordinul Meritul \u0218tiin\u021bific \u0219i Ordinul Steaua Rom\u00e2niei.<\/p>\n<p style=\"text-align: justify;\">Portretul din cuvintele so\u0163iei sale, Rodica Procopiu, e mai mult dec\u00e2t l\u0103muritor despre omul din spatele savantului: \u201eCred c\u0103 \u00een via\u0163a lui n-a f\u0103cut un lucru incorect. Lumea admira la el seriozitatea muncii, p\u00e2n\u0103 la sacrificiu. A fost un patriot ad\u00e2nc. Un dominator, dar un \u00een\u0163elept. Era \u015fi ghidu\u015f, toate lucrurile le aducea a\u015fa, \u00eentr-un oarecare spirit fran\u0163uzesc\u2026 Am avut o via\u0163\u0103 frumoas\u0103&#8230;\u201d<\/p>\n<p style=\"text-align: justify;\">Academicianul Cristofor Simionescu scria: \u201eNu vom spune lucruri noi afirm\u00eend c\u0103 acad. \u015etefan Procopiu este cel mai mare fizician pe care l-a dat p\u00e2n\u0103 \u00een prezent poporul nostru&#8221;.<\/p>\n<p><em>Articol editat de George Br\u0103tulescu \u2013 voluntar Romanian Community of Ireland.<\/em><\/p>\n<p>Bibliografie:<br \/>\n<a href=\"http:\/\/www.icr.ro\/\" target=\"_blank\">www.icr.ro<br \/>\n<\/a><a href=\"http:\/\/www.ziarullumina.ro\/\" target=\"_blank\">www.ziarullumina.ro<br \/>\n<\/a><a href=\"http:\/\/www.ceascadecultura.ro\/\" target=\"_blank\">www.ceascadecultura.ro<br \/>\n<\/a><a href=\"http:\/\/www.mnt-leonida.ro\/\" target=\"_blank\">www.mnt-leonida.ro<br \/>\n<\/a><a href=\"http:\/\/www.wikipedia.org\/\" target=\"_blank\">www.wikipedia.org<\/a><\/p>\n","protected":false},"excerpt":{"rendered":"<p>\u015etefan Procopiu \u2013 academician, inventator \u0219i fizician de renume mondial. \u015etefan Procopiu s-a n\u0103scut la B\u00e2rlad, pe 19 ianuarie 1890, fiind primul copil dintre cei \u015fapte copii ai Ecaterinei \u015fi [&hellip;]<\/p>\n","protected":false},"author":7,"featured_media":1585,"comment_status":"closed","ping_status":"closed","sticky":false,"template":"","format":"standard","meta":{"footnotes":""},"categories":[7],"tags":[],"class_list":["post-1582","post","type-post","status-publish","format-standard","has-post-thumbnail","hentry","category-personalitati-romane-celebre-in-lume"],"yoast_head":"<!-- This site is optimized with the Yoast SEO plugin v27.5 - https:\/\/yoast.com\/product\/yoast-seo-wordpress\/ -->\n<title>\u015etefan Procopiu - Romanian Community of Ireland<\/title>\n<meta name=\"description\" content=\"\u015etefan Procopiu \u2013 academician, inventator \u0219i fizician de renume mondial. \u015etefan Procopiu s-a n\u0103scut la B\u00e2rlad, pe 19 ianuarie 1890\" \/>\n<meta name=\"robots\" content=\"index, follow, max-snippet:-1, max-image-preview:large, max-video-preview:-1\" \/>\n<link rel=\"canonical\" href=\"http:\/\/www.romaniancommunity.net\/rci\/stefan-procopiu\/\" \/>\n<meta property=\"og:locale\" content=\"en_US\" \/>\n<meta property=\"og:type\" content=\"article\" \/>\n<meta property=\"og:title\" content=\"\u015etefan Procopiu - Romanian Community of Ireland\" \/>\n<meta property=\"og:description\" content=\"\u015etefan Procopiu \u2013 academician, inventator \u0219i fizician de renume mondial. \u015etefan Procopiu s-a n\u0103scut la B\u00e2rlad, pe 19 ianuarie 1890\" \/>\n<meta property=\"og:url\" content=\"http:\/\/www.romaniancommunity.net\/rci\/stefan-procopiu\/\" \/>\n<meta property=\"og:site_name\" content=\"Romanian Community of Ireland\" \/>\n<meta property=\"article:publisher\" content=\"https:\/\/www.facebook.com\/RomanianCommunityOfIreland\/\" \/>\n<meta property=\"article:published_time\" content=\"2015-01-19T13:23:18+00:00\" \/>\n<meta property=\"article:modified_time\" content=\"2016-09-05T15:30:42+00:00\" \/>\n<meta property=\"og:image\" content=\"http:\/\/www.romaniancommunity.net\/rci\/wp-content\/uploads\/2015\/01\/procopiu01.jpg\" \/>\n\t<meta property=\"og:image:width\" content=\"210\" \/>\n\t<meta property=\"og:image:height\" content=\"319\" \/>\n\t<meta property=\"og:image:type\" content=\"image\/jpeg\" \/>\n<meta name=\"author\" content=\"Anca Lupu\" \/>\n<meta name=\"twitter:card\" content=\"summary_large_image\" \/>\n<meta name=\"twitter:label1\" content=\"Written by\" \/>\n\t<meta name=\"twitter:data1\" content=\"Anca Lupu\" \/>\n\t<meta name=\"twitter:label2\" content=\"Est. reading time\" \/>\n\t<meta name=\"twitter:data2\" content=\"5 minutes\" \/>\n<script type=\"application\/ld+json\" class=\"yoast-schema-graph\">{\"@context\":\"https:\\\/\\\/schema.org\",\"@graph\":[{\"@type\":\"Article\",\"@id\":\"http:\\\/\\\/www.romaniancommunity.net\\\/rci\\\/stefan-procopiu\\\/#article\",\"isPartOf\":{\"@id\":\"http:\\\/\\\/www.romaniancommunity.net\\\/rci\\\/stefan-procopiu\\\/\"},\"author\":{\"name\":\"Anca Lupu\",\"@id\":\"http:\\\/\\\/www.romaniancommunity.net\\\/rci\\\/#\\\/schema\\\/person\\\/8d42ff1fbc9520cc8a727cafad2c1cc7\"},\"headline\":\"\u015etefan Procopiu\",\"datePublished\":\"2015-01-19T13:23:18+00:00\",\"dateModified\":\"2016-09-05T15:30:42+00:00\",\"mainEntityOfPage\":{\"@id\":\"http:\\\/\\\/www.romaniancommunity.net\\\/rci\\\/stefan-procopiu\\\/\"},\"wordCount\":1005,\"image\":{\"@id\":\"http:\\\/\\\/www.romaniancommunity.net\\\/rci\\\/stefan-procopiu\\\/#primaryimage\"},\"thumbnailUrl\":\"http:\\\/\\\/www.romaniancommunity.net\\\/rci\\\/wp-content\\\/uploads\\\/2015\\\/01\\\/procopiu01.jpg\",\"articleSection\":[\"Personalit\u0103\u0163i rom\u00e2ne celebre \u00een lume\"],\"inLanguage\":\"en-US\"},{\"@type\":\"WebPage\",\"@id\":\"http:\\\/\\\/www.romaniancommunity.net\\\/rci\\\/stefan-procopiu\\\/\",\"url\":\"http:\\\/\\\/www.romaniancommunity.net\\\/rci\\\/stefan-procopiu\\\/\",\"name\":\"\u015etefan Procopiu - Romanian Community of Ireland\",\"isPartOf\":{\"@id\":\"http:\\\/\\\/www.romaniancommunity.net\\\/rci\\\/#website\"},\"primaryImageOfPage\":{\"@id\":\"http:\\\/\\\/www.romaniancommunity.net\\\/rci\\\/stefan-procopiu\\\/#primaryimage\"},\"image\":{\"@id\":\"http:\\\/\\\/www.romaniancommunity.net\\\/rci\\\/stefan-procopiu\\\/#primaryimage\"},\"thumbnailUrl\":\"http:\\\/\\\/www.romaniancommunity.net\\\/rci\\\/wp-content\\\/uploads\\\/2015\\\/01\\\/procopiu01.jpg\",\"datePublished\":\"2015-01-19T13:23:18+00:00\",\"dateModified\":\"2016-09-05T15:30:42+00:00\",\"author\":{\"@id\":\"http:\\\/\\\/www.romaniancommunity.net\\\/rci\\\/#\\\/schema\\\/person\\\/8d42ff1fbc9520cc8a727cafad2c1cc7\"},\"description\":\"\u015etefan Procopiu \u2013 academician, inventator \u0219i fizician de renume mondial. \u015etefan Procopiu s-a n\u0103scut la B\u00e2rlad, pe 19 ianuarie 1890\",\"breadcrumb\":{\"@id\":\"http:\\\/\\\/www.romaniancommunity.net\\\/rci\\\/stefan-procopiu\\\/#breadcrumb\"},\"inLanguage\":\"en-US\",\"potentialAction\":[{\"@type\":\"ReadAction\",\"target\":[\"http:\\\/\\\/www.romaniancommunity.net\\\/rci\\\/stefan-procopiu\\\/\"]}]},{\"@type\":\"ImageObject\",\"inLanguage\":\"en-US\",\"@id\":\"http:\\\/\\\/www.romaniancommunity.net\\\/rci\\\/stefan-procopiu\\\/#primaryimage\",\"url\":\"http:\\\/\\\/www.romaniancommunity.net\\\/rci\\\/wp-content\\\/uploads\\\/2015\\\/01\\\/procopiu01.jpg\",\"contentUrl\":\"http:\\\/\\\/www.romaniancommunity.net\\\/rci\\\/wp-content\\\/uploads\\\/2015\\\/01\\\/procopiu01.jpg\",\"width\":210,\"height\":319,\"caption\":\"\u015etefan Procopiu\"},{\"@type\":\"BreadcrumbList\",\"@id\":\"http:\\\/\\\/www.romaniancommunity.net\\\/rci\\\/stefan-procopiu\\\/#breadcrumb\",\"itemListElement\":[{\"@type\":\"ListItem\",\"position\":1,\"name\":\"Home\",\"item\":\"http:\\\/\\\/www.romaniancommunity.net\\\/rci\\\/\"},{\"@type\":\"ListItem\",\"position\":2,\"name\":\"\u015etefan Procopiu\"}]},{\"@type\":\"WebSite\",\"@id\":\"http:\\\/\\\/www.romaniancommunity.net\\\/rci\\\/#website\",\"url\":\"http:\\\/\\\/www.romaniancommunity.net\\\/rci\\\/\",\"name\":\"Romanian Community of Ireland\",\"description\":\"Comunitatea Rom\u00e2nilor din Irlanda\",\"potentialAction\":[{\"@type\":\"SearchAction\",\"target\":{\"@type\":\"EntryPoint\",\"urlTemplate\":\"http:\\\/\\\/www.romaniancommunity.net\\\/rci\\\/?s={search_term_string}\"},\"query-input\":{\"@type\":\"PropertyValueSpecification\",\"valueRequired\":true,\"valueName\":\"search_term_string\"}}],\"inLanguage\":\"en-US\"},{\"@type\":\"Person\",\"@id\":\"http:\\\/\\\/www.romaniancommunity.net\\\/rci\\\/#\\\/schema\\\/person\\\/8d42ff1fbc9520cc8a727cafad2c1cc7\",\"name\":\"Anca Lupu\",\"image\":{\"@type\":\"ImageObject\",\"inLanguage\":\"en-US\",\"@id\":\"https:\\\/\\\/secure.gravatar.com\\\/avatar\\\/ad9921ccc656c6d829e2261411c42ae9e1d223ec926160ce5055394649ebe98e?s=96&d=mm&r=g\",\"url\":\"https:\\\/\\\/secure.gravatar.com\\\/avatar\\\/ad9921ccc656c6d829e2261411c42ae9e1d223ec926160ce5055394649ebe98e?s=96&d=mm&r=g\",\"contentUrl\":\"https:\\\/\\\/secure.gravatar.com\\\/avatar\\\/ad9921ccc656c6d829e2261411c42ae9e1d223ec926160ce5055394649ebe98e?s=96&d=mm&r=g\",\"caption\":\"Anca Lupu\"},\"url\":\"http:\\\/\\\/www.romaniancommunity.net\\\/rci\\\/author\\\/anca\\\/\"}]}<\/script>\n<!-- \/ Yoast SEO plugin. -->","yoast_head_json":{"title":"\u015etefan Procopiu - Romanian Community of Ireland","description":"\u015etefan Procopiu \u2013 academician, inventator \u0219i fizician de renume mondial. \u015etefan Procopiu s-a n\u0103scut la B\u00e2rlad, pe 19 ianuarie 1890","robots":{"index":"index","follow":"follow","max-snippet":"max-snippet:-1","max-image-preview":"max-image-preview:large","max-video-preview":"max-video-preview:-1"},"canonical":"http:\/\/www.romaniancommunity.net\/rci\/stefan-procopiu\/","og_locale":"en_US","og_type":"article","og_title":"\u015etefan Procopiu - Romanian Community of Ireland","og_description":"\u015etefan Procopiu \u2013 academician, inventator \u0219i fizician de renume mondial. \u015etefan Procopiu s-a n\u0103scut la B\u00e2rlad, pe 19 ianuarie 1890","og_url":"http:\/\/www.romaniancommunity.net\/rci\/stefan-procopiu\/","og_site_name":"Romanian Community of Ireland","article_publisher":"https:\/\/www.facebook.com\/RomanianCommunityOfIreland\/","article_published_time":"2015-01-19T13:23:18+00:00","article_modified_time":"2016-09-05T15:30:42+00:00","og_image":[{"width":210,"height":319,"url":"http:\/\/www.romaniancommunity.net\/rci\/wp-content\/uploads\/2015\/01\/procopiu01.jpg","type":"image\/jpeg"}],"author":"Anca Lupu","twitter_card":"summary_large_image","twitter_misc":{"Written by":"Anca Lupu","Est. reading time":"5 minutes"},"schema":{"@context":"https:\/\/schema.org","@graph":[{"@type":"Article","@id":"http:\/\/www.romaniancommunity.net\/rci\/stefan-procopiu\/#article","isPartOf":{"@id":"http:\/\/www.romaniancommunity.net\/rci\/stefan-procopiu\/"},"author":{"name":"Anca Lupu","@id":"http:\/\/www.romaniancommunity.net\/rci\/#\/schema\/person\/8d42ff1fbc9520cc8a727cafad2c1cc7"},"headline":"\u015etefan Procopiu","datePublished":"2015-01-19T13:23:18+00:00","dateModified":"2016-09-05T15:30:42+00:00","mainEntityOfPage":{"@id":"http:\/\/www.romaniancommunity.net\/rci\/stefan-procopiu\/"},"wordCount":1005,"image":{"@id":"http:\/\/www.romaniancommunity.net\/rci\/stefan-procopiu\/#primaryimage"},"thumbnailUrl":"http:\/\/www.romaniancommunity.net\/rci\/wp-content\/uploads\/2015\/01\/procopiu01.jpg","articleSection":["Personalit\u0103\u0163i rom\u00e2ne celebre \u00een lume"],"inLanguage":"en-US"},{"@type":"WebPage","@id":"http:\/\/www.romaniancommunity.net\/rci\/stefan-procopiu\/","url":"http:\/\/www.romaniancommunity.net\/rci\/stefan-procopiu\/","name":"\u015etefan Procopiu - Romanian Community of Ireland","isPartOf":{"@id":"http:\/\/www.romaniancommunity.net\/rci\/#website"},"primaryImageOfPage":{"@id":"http:\/\/www.romaniancommunity.net\/rci\/stefan-procopiu\/#primaryimage"},"image":{"@id":"http:\/\/www.romaniancommunity.net\/rci\/stefan-procopiu\/#primaryimage"},"thumbnailUrl":"http:\/\/www.romaniancommunity.net\/rci\/wp-content\/uploads\/2015\/01\/procopiu01.jpg","datePublished":"2015-01-19T13:23:18+00:00","dateModified":"2016-09-05T15:30:42+00:00","author":{"@id":"http:\/\/www.romaniancommunity.net\/rci\/#\/schema\/person\/8d42ff1fbc9520cc8a727cafad2c1cc7"},"description":"\u015etefan Procopiu \u2013 academician, inventator \u0219i fizician de renume mondial. \u015etefan Procopiu s-a n\u0103scut la B\u00e2rlad, pe 19 ianuarie 1890","breadcrumb":{"@id":"http:\/\/www.romaniancommunity.net\/rci\/stefan-procopiu\/#breadcrumb"},"inLanguage":"en-US","potentialAction":[{"@type":"ReadAction","target":["http:\/\/www.romaniancommunity.net\/rci\/stefan-procopiu\/"]}]},{"@type":"ImageObject","inLanguage":"en-US","@id":"http:\/\/www.romaniancommunity.net\/rci\/stefan-procopiu\/#primaryimage","url":"http:\/\/www.romaniancommunity.net\/rci\/wp-content\/uploads\/2015\/01\/procopiu01.jpg","contentUrl":"http:\/\/www.romaniancommunity.net\/rci\/wp-content\/uploads\/2015\/01\/procopiu01.jpg","width":210,"height":319,"caption":"\u015etefan Procopiu"},{"@type":"BreadcrumbList","@id":"http:\/\/www.romaniancommunity.net\/rci\/stefan-procopiu\/#breadcrumb","itemListElement":[{"@type":"ListItem","position":1,"name":"Home","item":"http:\/\/www.romaniancommunity.net\/rci\/"},{"@type":"ListItem","position":2,"name":"\u015etefan Procopiu"}]},{"@type":"WebSite","@id":"http:\/\/www.romaniancommunity.net\/rci\/#website","url":"http:\/\/www.romaniancommunity.net\/rci\/","name":"Romanian Community of Ireland","description":"Comunitatea Rom\u00e2nilor din Irlanda","potentialAction":[{"@type":"SearchAction","target":{"@type":"EntryPoint","urlTemplate":"http:\/\/www.romaniancommunity.net\/rci\/?s={search_term_string}"},"query-input":{"@type":"PropertyValueSpecification","valueRequired":true,"valueName":"search_term_string"}}],"inLanguage":"en-US"},{"@type":"Person","@id":"http:\/\/www.romaniancommunity.net\/rci\/#\/schema\/person\/8d42ff1fbc9520cc8a727cafad2c1cc7","name":"Anca Lupu","image":{"@type":"ImageObject","inLanguage":"en-US","@id":"https:\/\/secure.gravatar.com\/avatar\/ad9921ccc656c6d829e2261411c42ae9e1d223ec926160ce5055394649ebe98e?s=96&d=mm&r=g","url":"https:\/\/secure.gravatar.com\/avatar\/ad9921ccc656c6d829e2261411c42ae9e1d223ec926160ce5055394649ebe98e?s=96&d=mm&r=g","contentUrl":"https:\/\/secure.gravatar.com\/avatar\/ad9921ccc656c6d829e2261411c42ae9e1d223ec926160ce5055394649ebe98e?s=96&d=mm&r=g","caption":"Anca Lupu"},"url":"http:\/\/www.romaniancommunity.net\/rci\/author\/anca\/"}]}},"_links":{"self":[{"href":"http:\/\/www.romaniancommunity.net\/rci\/wp-json\/wp\/v2\/posts\/1582","targetHints":{"allow":["GET"]}}],"collection":[{"href":"http:\/\/www.romaniancommunity.net\/rci\/wp-json\/wp\/v2\/posts"}],"about":[{"href":"http:\/\/www.romaniancommunity.net\/rci\/wp-json\/wp\/v2\/types\/post"}],"author":[{"embeddable":true,"href":"http:\/\/www.romaniancommunity.net\/rci\/wp-json\/wp\/v2\/users\/7"}],"replies":[{"embeddable":true,"href":"http:\/\/www.romaniancommunity.net\/rci\/wp-json\/wp\/v2\/comments?post=1582"}],"version-history":[{"count":7,"href":"http:\/\/www.romaniancommunity.net\/rci\/wp-json\/wp\/v2\/posts\/1582\/revisions"}],"predecessor-version":[{"id":2689,"href":"http:\/\/www.romaniancommunity.net\/rci\/wp-json\/wp\/v2\/posts\/1582\/revisions\/2689"}],"wp:featuredmedia":[{"embeddable":true,"href":"http:\/\/www.romaniancommunity.net\/rci\/wp-json\/wp\/v2\/media\/1585"}],"wp:attachment":[{"href":"http:\/\/www.romaniancommunity.net\/rci\/wp-json\/wp\/v2\/media?parent=1582"}],"wp:term":[{"taxonomy":"category","embeddable":true,"href":"http:\/\/www.romaniancommunity.net\/rci\/wp-json\/wp\/v2\/categories?post=1582"},{"taxonomy":"post_tag","embeddable":true,"href":"http:\/\/www.romaniancommunity.net\/rci\/wp-json\/wp\/v2\/tags?post=1582"}],"curies":[{"name":"wp","href":"https:\/\/api.w.org\/{rel}","templated":true}]}}