{"id":1570,"date":"2015-06-20T13:12:17","date_gmt":"2015-06-20T13:12:17","guid":{"rendered":"http:\/\/www.romaniancommunity.net\/rci\/?p=1570"},"modified":"2020-05-06T21:42:20","modified_gmt":"2020-05-06T21:42:20","slug":"nadia-elena-comaneci","status":"publish","type":"post","link":"http:\/\/www.romaniancommunity.net\/rci\/nadia-elena-comaneci\/","title":{"rendered":"Nadia Elena Com\u0103neci"},"content":{"rendered":"<p style=\"text-align: justify;\"><img loading=\"lazy\" decoding=\"async\" class=\"alignleft wp-image-1577 size-full\" src=\"http:\/\/www.romaniancommunity.net\/rci\/wp-content\/uploads\/2015\/06\/comaneci01.jpg\" alt=\"Nadia Com\u0103neci \" width=\"250\" height=\"298\" \/><br \/>\n<b>Nadia Com\u0103neci \u2013 \u201eZei\u0163a de la Montreal\u201d<\/b> este prima gimnast\u0103\u00a0din lume care a luat o nota de 10 \u201eabsolut\u201d. Este considerat\u0103 una dintre cele mai bune sportive ale secolului XX \u015fi una dintre cele mai bune gimnaste ale lumii din toate timpurile. Este primul sportiv rom\u00e2n inclus \u00een memorialul International Gymnastics Hall of Fame. Nadia s-a n\u0103scut la 12 noiembrie 1961, la One\u015fti, \u00een familia lui Gheorghe \u015fi \u015etefania-Alexandrina Com\u0103neci. A fost botezat\u0103 dup\u0103 &#8220;Nadejda&#8221; (&#8220;Speran\u0163a&#8221;), eroina a unui film. A \u00eenceput gimnastica la v\u00e2rsta de 6 ani \u00een ora\u015ful natal, unde a fost descoperit\u0103 de antrenorul \u00a0Bela Karoly de care se leag\u0103 cele mai mari succese ob\u0163inute de viitoarea stea a gimnasticii mondiale. S-a f\u0103cut remarcat\u0103\u00a0\u00eenc\u0103 din primii ani ai carierei. La 10 ani cucere\u015fte toate cele cinci medalii de aur ale Cupei Rom\u00e2niei, categoria copii, pentru ca exact \u00een ziua c\u00e2nd \u00eemplinea 11 ani s\u0103 c\u0103\u0163tige primul s\u0103u titlu de campioan\u0103 absolut\u0103 a \u0163\u0103rii.<\/p>\n<p style=\"text-align: justify;\">\u00cen 1975 particip\u0103 la Turneul Campioanelor de la Londra unde cucere\u015fte trofeul competi\u0163iei. \u00cen acela\u015fi an, la Campionatele Europene de la Skien (Norvegia), ob\u0163ine 3 medalii de aur \u015fi una de argint, devenind cea mai t\u00e2n\u0103r\u0103 campioan\u0103 continental\u0103 din istorie la individual compus. Associated Press a numit-o &#8220;Atleta Anului \u00een Rom\u00e2nia&#8221;.<\/p>\n<p style=\"text-align: justify;\">Punctul culminant al carierei, care i-a adus celebritatea, a fost ob\u0163inerea \u00een 1976 la Montreal, Quebec, a titlului de campioan\u0103 olimpic\u0103 absolut\u0103 la Jocurile Olimpice. Rom\u00e2nca supranumit\u0103 &#8220;Zei\u0163a de la Montreal&#8221;, a primit de cinci ori nota 10 \u015fi a c\u00e2\u015ftigat trei medalii de aur: la individual compus, b\u00e2rna \u015fi paralele, una de argint cu echipa \u015fi bronz la sol. Cotidianul britanic Daily Mail publica un interviu al Nadiei \u00een care aceasta rememoreaz\u0103 fiecare moment al evolu\u0163iei sale de la Jocurile Olimpice de la Montreal: \u201eAm avut mereu emo\u0163ii. M-am g\u00e2ndit c\u0103 trebuie s\u0103 ob\u0163in un 9.9. Apoi am auzit un zgomot mare \u00een aren\u0103. C\u00e2nd m-am \u00eentors am v\u0103zut 1.00! \u201eTabloul\u201d nu putea ar\u0103ta un zece pentru c\u0103 nu se mai d\u0103duse niciodat\u0103 aceast\u0103 not\u0103. \u00cen mintea mea m-am g\u00e2ndit c\u0103 e ciudat. Unul dintre colegii mei a spus: Este un zece! Nu cred c\u0103 am \u00een\u0163eles la acel moment ce \u00eenseamn\u0103. \u015etiam c\u0103 zece este cel mai mare scor, dar pe moment nu \u015ftiam c\u0103 am f\u0103cut istorie&#8230;&#8221;. Acest succes i-a adus in \u0163ar\u0103 distinc\u0163ia de &#8220;Erou al Muncii Socialiste&#8221;, fiind cea mai t\u00e2n\u0103r\u0103\u00a0rom\u00e2nc\u0103 distins\u0103 cu acest titlu.<\/p>\n<p style=\"text-align: justify;\">Au urmat Campionatele Europene \u015fi Mondiale din 1977 \u015fi 1978 unde Nadia a c\u00e2\u015ftigat alte medalii, iar \u00een 1979 gimnasta rom\u00e2nc\u0103 a c\u0103\u0163tigat cel de-al treilea titlu european la individual compus, devenind primul sportiv care a reu\u015fit aceast\u0103 performan\u0163\u0103. La Campionatele Mondiale din toamna aceluia\u015fi an, de\u015fi accidentat\u0103, a concurat \u015fi a ajutat echipa Rom\u00e2niei s\u0103 ob\u0163in\u0103 prima medalie de aur pe echipe. A participat \u0219i la Jocurile Olimpice din 1980 de la Moscova, clas\u00e2ndu-se a doua dup\u0103 Elena Davidova la individual compus, c\u00e2nd a fost nevoit\u0103 s\u0103 a\u0219tepte pentru nota p\u00e2n\u0103 ce Davidova \u0219i-a \u00eencheiat exerci\u021biul. Nadia \u0219i-a p\u0103strat titlul la b\u00e2rn\u0103, dar a c\u00e2\u0219tigat \u0219i o nou\u0103 medalie de aur, la sol, \u0219i una de argint, \u00eempreun\u0103 cu echipa.Nadia s-a retras din activitatea competi\u0163ional\u0103 dup\u0103 Jocurile Olimpice de la Moscova. \u00cen 1984 i-a fost decernat Ordinul Olimpic &#8220;Colanul de argint&#8221; pentru evolu\u0163iile sale str\u0103lucitoare care au uimit \u015fi \u00eenc\u00e2ntat milioane de iubitori ai sportului, transform\u00e2ndu-o \u00eentr-un simbol al gimnasticii mondiale. Dup\u0103 ce s-a retras din via\u0163a competi\u0163ional\u0103, \u00eentre 1984 \u015fi 1989, Nadia a fost membr\u0103 a Federa\u0163iei Rom\u00e2ne de Gimnastic\u0103\u00a0\u015fi a ajutat la antrenarea gimna\u015ftilor juniori rom\u00e2ni.<\/p>\n<p style=\"text-align: justify;\"><img loading=\"lazy\" decoding=\"async\" class=\"alignleft size-full wp-image-1575\" src=\"http:\/\/www.romaniancommunity.net\/rci\/wp-content\/uploads\/2015\/06\/comaneci04.jpg\" alt=\"comaneci04\" width=\"300\" height=\"317\" srcset=\"http:\/\/www.romaniancommunity.net\/rci\/wp-content\/uploads\/2015\/06\/comaneci04.jpg 300w, http:\/\/www.romaniancommunity.net\/rci\/wp-content\/uploads\/2015\/06\/comaneci04-283x300.jpg 283w\" sizes=\"auto, (max-width: 300px) 100vw, 300px\" \/>Dup\u0103 ce antrenorii Bela \u015fi Maria Karoly au p\u0103r\u0103sit \u0163ara, \u00een 1981, autorit\u0103\u0163ile au devenit suspicioase \u015fi i-au interzis Nadiei s\u0103 mai p\u0103r\u0103seasc\u0103 vreodat\u0103 Rom\u00e2nia. \u00cens\u0103 in noiembrie 1989 a decis s\u0103 fug\u0103 din \u0163ar\u0103\u00a0\u015fi \u00eempreun\u0103 cu alte \u015fase gimnaste a trecut pe ascuns grani\u0163a c\u0103tre Ungaria \u00een toiul nop\u0163ii. \u00cen final a ajuns \u00een Austria, unde a fost primit\u0103 ca o campioan\u0103. De acolo, Nadia Com\u0103neci a zburat \u00een Statele Unite ale Americii.<\/p>\n<p style=\"text-align: justify;\">Nadia s-a c\u0103s\u0103torit \u00een aprilie 1996 cu fostul gimnast american Bart Conner \u015fi \u00eempreun\u0103 au un fiu, Paul Dylan. Locuie\u015fte \u00een Norman, Oklahoma. Nadia \u015fi Bart sunt proprietarii Academiei de Gimnastic\u0103 Bart Conner Gymnastics Academy, Perfect 10 Production Company \u015fi mai de\u0163in c\u00e2teva magazine de echipamente sportive. \u00cen decembrie 2003, i s-a publicat prima sa carte, Scrisori c\u0103tre o t\u00e2n\u0103r\u0103 gimnast\u0103 (Letters To A Young Gymnast).<\/p>\n<p style=\"text-align: justify;\">Pe l\u00e2ng\u0103 mul\u0163imea de medalii ob\u0163inute \u00een sport, Nadia a mai primit o serie de premii \u015fi distinc\u0163ii dintre care amintim: Sportiva Secolului XX, \u00a0la Viena \u00een 1999; Premiul \u201eFlo Hyman\u201d pentru merite deosebite \u00een sport, la Washintgton \u00een 1998; \u00een anul 1999 a devenit primul sportiv invitat s\u0103 vorbeasc\u0103 la O.N.U. pentru a lansa Anul Interna\u0163ional al Voluntariatului; Ordinul\u00a0 Na\u0163ional \u201eSteaua Rom\u00e2niei\u201d, \u00een anul 2000; a fost distins\u0103 de dou\u0103 ori cu Ordinul Olimpic, acordat de Comitetul Interna\u0163ional Olimpic etc. \u00cen prezent de\u0163ine mai multe func\u0163ii onorifice, dar \u015fi executive, pentru diverse organisme \u015fi este implicat\u0103\u00a0\u00een multe ac\u0163iuni cu scop umanitar. \u00cen Rom\u00e2nia a \u00eenfiin\u0163at Funda\u0163ia Nadia Com\u0103neci care \u00ee\u015fi propune s\u0103 incurajeze \u015fi s\u0103 sus\u0163in\u0103 performan\u0163a \u00een sport \u015fi nu numai \u015fi a creat o clinic\u0103 de caritate \u00een Bucure\u015fti pentru ajutorarea copiilor orfani.<\/p>\n<p style=\"text-align: justify;\"><img loading=\"lazy\" decoding=\"async\" class=\"alignright size-full wp-image-1574\" src=\"http:\/\/www.romaniancommunity.net\/rci\/wp-content\/uploads\/2015\/06\/comaneci05.jpg\" alt=\"comaneci05\" width=\"300\" height=\"225\" \/>Fosta stea a gimnasticii mondiale, Nadia Com\u0103neci, a declarat \u00eentr-un interviu c\u0103 este bucuroas\u0103 ca a ales s\u0103 practice sportul care a consacrat-o \u015fi infirma prejudecata comun\u0103 conform c\u0103reia gimnastele \u00ee\u015fi sacrifica intreaga copil\u0103rie pentru a face performan\u0163\u0103: &#8220;Via\u0163a pe care o am \u00een prezent este rezultatul a ceea ce am facut \u00een copil\u0103rie. C\u00e2nd privesc \u00een trecut, pot zice c\u0103 sunt fericit\u0103 c\u0103 mama mea m-a dus la gimnastic\u0103. Nu m-am apucat de acest sport pentru a dob\u00e2ndi celebritatea, pur \u015fi simplu a\u015fa a fost s\u0103 fie&#8221;.<\/p>\n<p style=\"text-align: justify;\">Scriitorul Ioan Chiril\u0103 a g\u0103sit cele mai potrivite cuvinte care s\u0103 exprime ce a \u00eensemnat Nadia Com\u0103neci pentru gimnastica mondial\u0103: \u201eNadia a fost un moment unic \u00een istoria gimnasticii. Cu ea se \u00eencheie epoca de vis a gimnasticii. Tot ce urmeaz\u0103 sunt mici capodopere tehnice c\u0103rora le lipse\u015fte \u00eens\u0103 farmecul inegalabil al fetei din One\u015fti\u201d.<\/p>\n<p><em>Articol editat de George Bratulescu \u2013 voluntar al Romanian Community of Ireland<\/em><\/p>\n<p>Bibliografie:<br \/>\n<a href=\"http:\/\/www.wikipedia.org\/\" target=\"_blank\" rel=\"noopener noreferrer\">www.wikipedia.org<br \/>\n<\/a><a href=\"http:\/\/www.evz.ro\/\" target=\"_blank\" rel=\"noopener noreferrer\">www.evz.ro<br \/>\n<\/a><a href=\"http:\/\/www.ziare.com\/\" target=\"_blank\" rel=\"noopener noreferrer\">www.ziare.com<br \/>\n<\/a><a href=\"http:\/\/www.biography.com\/\" target=\"_blank\" rel=\"noopener noreferrer\">www.biography.com<br \/>\n<\/a><a href=\"http:\/\/www.britannica.com\/\" target=\"_blank\" rel=\"noopener noreferrer\">www.britannica.com<\/a><\/p>\n<p>&nbsp;<\/p>\n<p>&nbsp;<\/p>\n","protected":false},"excerpt":{"rendered":"<p>Nadia Com\u0103neci \u2013 \u201eZei\u0163a de la Montreal\u201d este prima gimnast\u0103\u00a0din lume care a luat o nota de 10 \u201eabsolut\u201d. Este considerat\u0103 una dintre cele mai bune sportive ale secolului XX [&hellip;]<\/p>\n","protected":false},"author":7,"featured_media":1577,"comment_status":"closed","ping_status":"closed","sticky":false,"template":"","format":"standard","meta":{"footnotes":""},"categories":[7],"tags":[],"class_list":["post-1570","post","type-post","status-publish","format-standard","has-post-thumbnail","hentry","category-personalitati-romane-celebre-in-lume"],"yoast_head":"<!-- This site is optimized with the Yoast SEO plugin v27.4 - https:\/\/yoast.com\/product\/yoast-seo-wordpress\/ -->\n<title>Nadia Elena Com\u0103neci - Romanian Community of Ireland<\/title>\n<meta name=\"description\" content=\"Nadia Com\u0103neci \u2013 \u201eZei\u0163a de la Montreal\u201d este prima gimnast\u0103 din lume care a luat o nota de 10 \u201eabsolut\u201d. Este considerat\u0103 una dintre cele mai bune sportive\" \/>\n<meta name=\"robots\" content=\"index, follow, max-snippet:-1, max-image-preview:large, max-video-preview:-1\" \/>\n<link rel=\"canonical\" href=\"http:\/\/www.romaniancommunity.net\/rci\/nadia-elena-comaneci\/\" \/>\n<meta property=\"og:locale\" content=\"en_US\" \/>\n<meta property=\"og:type\" content=\"article\" \/>\n<meta property=\"og:title\" content=\"Nadia Elena Com\u0103neci - Romanian Community of Ireland\" \/>\n<meta property=\"og:description\" content=\"Nadia Com\u0103neci \u2013 \u201eZei\u0163a de la Montreal\u201d este prima gimnast\u0103 din lume care a luat o nota de 10 \u201eabsolut\u201d. Este considerat\u0103 una dintre cele mai bune sportive\" \/>\n<meta property=\"og:url\" content=\"http:\/\/www.romaniancommunity.net\/rci\/nadia-elena-comaneci\/\" \/>\n<meta property=\"og:site_name\" content=\"Romanian Community of Ireland\" \/>\n<meta property=\"article:publisher\" content=\"https:\/\/www.facebook.com\/RomanianCommunityOfIreland\/\" \/>\n<meta property=\"article:published_time\" content=\"2015-06-20T13:12:17+00:00\" \/>\n<meta property=\"article:modified_time\" content=\"2020-05-06T21:42:20+00:00\" \/>\n<meta property=\"og:image\" content=\"http:\/\/www.romaniancommunity.net\/rci\/wp-content\/uploads\/2015\/06\/comaneci01.jpg\" \/>\n\t<meta property=\"og:image:width\" content=\"250\" \/>\n\t<meta property=\"og:image:height\" content=\"298\" \/>\n\t<meta property=\"og:image:type\" content=\"image\/jpeg\" \/>\n<meta name=\"author\" content=\"Anca Lupu\" \/>\n<meta name=\"twitter:card\" content=\"summary_large_image\" \/>\n<meta name=\"twitter:label1\" content=\"Written by\" \/>\n\t<meta name=\"twitter:data1\" content=\"Anca Lupu\" \/>\n\t<meta name=\"twitter:label2\" content=\"Est. reading time\" \/>\n\t<meta name=\"twitter:data2\" content=\"6 minutes\" \/>\n<script type=\"application\/ld+json\" class=\"yoast-schema-graph\">{\"@context\":\"https:\\\/\\\/schema.org\",\"@graph\":[{\"@type\":\"Article\",\"@id\":\"http:\\\/\\\/www.romaniancommunity.net\\\/rci\\\/nadia-elena-comaneci\\\/#article\",\"isPartOf\":{\"@id\":\"http:\\\/\\\/www.romaniancommunity.net\\\/rci\\\/nadia-elena-comaneci\\\/\"},\"author\":{\"name\":\"Anca Lupu\",\"@id\":\"http:\\\/\\\/www.romaniancommunity.net\\\/rci\\\/#\\\/schema\\\/person\\\/8d42ff1fbc9520cc8a727cafad2c1cc7\"},\"headline\":\"Nadia Elena Com\u0103neci\",\"datePublished\":\"2015-06-20T13:12:17+00:00\",\"dateModified\":\"2020-05-06T21:42:20+00:00\",\"mainEntityOfPage\":{\"@id\":\"http:\\\/\\\/www.romaniancommunity.net\\\/rci\\\/nadia-elena-comaneci\\\/\"},\"wordCount\":1137,\"image\":{\"@id\":\"http:\\\/\\\/www.romaniancommunity.net\\\/rci\\\/nadia-elena-comaneci\\\/#primaryimage\"},\"thumbnailUrl\":\"http:\\\/\\\/www.romaniancommunity.net\\\/rci\\\/wp-content\\\/uploads\\\/2015\\\/06\\\/comaneci01.jpg\",\"articleSection\":[\"Personalit\u0103\u0163i rom\u00e2ne celebre \u00een lume\"],\"inLanguage\":\"en-US\"},{\"@type\":\"WebPage\",\"@id\":\"http:\\\/\\\/www.romaniancommunity.net\\\/rci\\\/nadia-elena-comaneci\\\/\",\"url\":\"http:\\\/\\\/www.romaniancommunity.net\\\/rci\\\/nadia-elena-comaneci\\\/\",\"name\":\"Nadia Elena Com\u0103neci - Romanian Community of Ireland\",\"isPartOf\":{\"@id\":\"http:\\\/\\\/www.romaniancommunity.net\\\/rci\\\/#website\"},\"primaryImageOfPage\":{\"@id\":\"http:\\\/\\\/www.romaniancommunity.net\\\/rci\\\/nadia-elena-comaneci\\\/#primaryimage\"},\"image\":{\"@id\":\"http:\\\/\\\/www.romaniancommunity.net\\\/rci\\\/nadia-elena-comaneci\\\/#primaryimage\"},\"thumbnailUrl\":\"http:\\\/\\\/www.romaniancommunity.net\\\/rci\\\/wp-content\\\/uploads\\\/2015\\\/06\\\/comaneci01.jpg\",\"datePublished\":\"2015-06-20T13:12:17+00:00\",\"dateModified\":\"2020-05-06T21:42:20+00:00\",\"author\":{\"@id\":\"http:\\\/\\\/www.romaniancommunity.net\\\/rci\\\/#\\\/schema\\\/person\\\/8d42ff1fbc9520cc8a727cafad2c1cc7\"},\"description\":\"Nadia Com\u0103neci \u2013 \u201eZei\u0163a de la Montreal\u201d este prima gimnast\u0103 din lume care a luat o nota de 10 \u201eabsolut\u201d. Este considerat\u0103 una dintre cele mai bune sportive\",\"breadcrumb\":{\"@id\":\"http:\\\/\\\/www.romaniancommunity.net\\\/rci\\\/nadia-elena-comaneci\\\/#breadcrumb\"},\"inLanguage\":\"en-US\",\"potentialAction\":[{\"@type\":\"ReadAction\",\"target\":[\"http:\\\/\\\/www.romaniancommunity.net\\\/rci\\\/nadia-elena-comaneci\\\/\"]}]},{\"@type\":\"ImageObject\",\"inLanguage\":\"en-US\",\"@id\":\"http:\\\/\\\/www.romaniancommunity.net\\\/rci\\\/nadia-elena-comaneci\\\/#primaryimage\",\"url\":\"http:\\\/\\\/www.romaniancommunity.net\\\/rci\\\/wp-content\\\/uploads\\\/2015\\\/06\\\/comaneci01.jpg\",\"contentUrl\":\"http:\\\/\\\/www.romaniancommunity.net\\\/rci\\\/wp-content\\\/uploads\\\/2015\\\/06\\\/comaneci01.jpg\",\"width\":250,\"height\":298},{\"@type\":\"BreadcrumbList\",\"@id\":\"http:\\\/\\\/www.romaniancommunity.net\\\/rci\\\/nadia-elena-comaneci\\\/#breadcrumb\",\"itemListElement\":[{\"@type\":\"ListItem\",\"position\":1,\"name\":\"Home\",\"item\":\"http:\\\/\\\/www.romaniancommunity.net\\\/rci\\\/\"},{\"@type\":\"ListItem\",\"position\":2,\"name\":\"Nadia Elena Com\u0103neci\"}]},{\"@type\":\"WebSite\",\"@id\":\"http:\\\/\\\/www.romaniancommunity.net\\\/rci\\\/#website\",\"url\":\"http:\\\/\\\/www.romaniancommunity.net\\\/rci\\\/\",\"name\":\"Romanian Community of Ireland\",\"description\":\"Comunitatea Rom\u00e2nilor din Irlanda\",\"potentialAction\":[{\"@type\":\"SearchAction\",\"target\":{\"@type\":\"EntryPoint\",\"urlTemplate\":\"http:\\\/\\\/www.romaniancommunity.net\\\/rci\\\/?s={search_term_string}\"},\"query-input\":{\"@type\":\"PropertyValueSpecification\",\"valueRequired\":true,\"valueName\":\"search_term_string\"}}],\"inLanguage\":\"en-US\"},{\"@type\":\"Person\",\"@id\":\"http:\\\/\\\/www.romaniancommunity.net\\\/rci\\\/#\\\/schema\\\/person\\\/8d42ff1fbc9520cc8a727cafad2c1cc7\",\"name\":\"Anca Lupu\",\"image\":{\"@type\":\"ImageObject\",\"inLanguage\":\"en-US\",\"@id\":\"https:\\\/\\\/secure.gravatar.com\\\/avatar\\\/ad9921ccc656c6d829e2261411c42ae9e1d223ec926160ce5055394649ebe98e?s=96&d=mm&r=g\",\"url\":\"https:\\\/\\\/secure.gravatar.com\\\/avatar\\\/ad9921ccc656c6d829e2261411c42ae9e1d223ec926160ce5055394649ebe98e?s=96&d=mm&r=g\",\"contentUrl\":\"https:\\\/\\\/secure.gravatar.com\\\/avatar\\\/ad9921ccc656c6d829e2261411c42ae9e1d223ec926160ce5055394649ebe98e?s=96&d=mm&r=g\",\"caption\":\"Anca Lupu\"},\"url\":\"http:\\\/\\\/www.romaniancommunity.net\\\/rci\\\/author\\\/anca\\\/\"}]}<\/script>\n<!-- \/ Yoast SEO plugin. -->","yoast_head_json":{"title":"Nadia Elena Com\u0103neci - Romanian Community of Ireland","description":"Nadia Com\u0103neci \u2013 \u201eZei\u0163a de la Montreal\u201d este prima gimnast\u0103 din lume care a luat o nota de 10 \u201eabsolut\u201d. Este considerat\u0103 una dintre cele mai bune sportive","robots":{"index":"index","follow":"follow","max-snippet":"max-snippet:-1","max-image-preview":"max-image-preview:large","max-video-preview":"max-video-preview:-1"},"canonical":"http:\/\/www.romaniancommunity.net\/rci\/nadia-elena-comaneci\/","og_locale":"en_US","og_type":"article","og_title":"Nadia Elena Com\u0103neci - Romanian Community of Ireland","og_description":"Nadia Com\u0103neci \u2013 \u201eZei\u0163a de la Montreal\u201d este prima gimnast\u0103 din lume care a luat o nota de 10 \u201eabsolut\u201d. Este considerat\u0103 una dintre cele mai bune sportive","og_url":"http:\/\/www.romaniancommunity.net\/rci\/nadia-elena-comaneci\/","og_site_name":"Romanian Community of Ireland","article_publisher":"https:\/\/www.facebook.com\/RomanianCommunityOfIreland\/","article_published_time":"2015-06-20T13:12:17+00:00","article_modified_time":"2020-05-06T21:42:20+00:00","og_image":[{"width":250,"height":298,"url":"http:\/\/www.romaniancommunity.net\/rci\/wp-content\/uploads\/2015\/06\/comaneci01.jpg","type":"image\/jpeg"}],"author":"Anca Lupu","twitter_card":"summary_large_image","twitter_misc":{"Written by":"Anca Lupu","Est. reading time":"6 minutes"},"schema":{"@context":"https:\/\/schema.org","@graph":[{"@type":"Article","@id":"http:\/\/www.romaniancommunity.net\/rci\/nadia-elena-comaneci\/#article","isPartOf":{"@id":"http:\/\/www.romaniancommunity.net\/rci\/nadia-elena-comaneci\/"},"author":{"name":"Anca Lupu","@id":"http:\/\/www.romaniancommunity.net\/rci\/#\/schema\/person\/8d42ff1fbc9520cc8a727cafad2c1cc7"},"headline":"Nadia Elena Com\u0103neci","datePublished":"2015-06-20T13:12:17+00:00","dateModified":"2020-05-06T21:42:20+00:00","mainEntityOfPage":{"@id":"http:\/\/www.romaniancommunity.net\/rci\/nadia-elena-comaneci\/"},"wordCount":1137,"image":{"@id":"http:\/\/www.romaniancommunity.net\/rci\/nadia-elena-comaneci\/#primaryimage"},"thumbnailUrl":"http:\/\/www.romaniancommunity.net\/rci\/wp-content\/uploads\/2015\/06\/comaneci01.jpg","articleSection":["Personalit\u0103\u0163i rom\u00e2ne celebre \u00een lume"],"inLanguage":"en-US"},{"@type":"WebPage","@id":"http:\/\/www.romaniancommunity.net\/rci\/nadia-elena-comaneci\/","url":"http:\/\/www.romaniancommunity.net\/rci\/nadia-elena-comaneci\/","name":"Nadia Elena Com\u0103neci - Romanian Community of Ireland","isPartOf":{"@id":"http:\/\/www.romaniancommunity.net\/rci\/#website"},"primaryImageOfPage":{"@id":"http:\/\/www.romaniancommunity.net\/rci\/nadia-elena-comaneci\/#primaryimage"},"image":{"@id":"http:\/\/www.romaniancommunity.net\/rci\/nadia-elena-comaneci\/#primaryimage"},"thumbnailUrl":"http:\/\/www.romaniancommunity.net\/rci\/wp-content\/uploads\/2015\/06\/comaneci01.jpg","datePublished":"2015-06-20T13:12:17+00:00","dateModified":"2020-05-06T21:42:20+00:00","author":{"@id":"http:\/\/www.romaniancommunity.net\/rci\/#\/schema\/person\/8d42ff1fbc9520cc8a727cafad2c1cc7"},"description":"Nadia Com\u0103neci \u2013 \u201eZei\u0163a de la Montreal\u201d este prima gimnast\u0103 din lume care a luat o nota de 10 \u201eabsolut\u201d. Este considerat\u0103 una dintre cele mai bune sportive","breadcrumb":{"@id":"http:\/\/www.romaniancommunity.net\/rci\/nadia-elena-comaneci\/#breadcrumb"},"inLanguage":"en-US","potentialAction":[{"@type":"ReadAction","target":["http:\/\/www.romaniancommunity.net\/rci\/nadia-elena-comaneci\/"]}]},{"@type":"ImageObject","inLanguage":"en-US","@id":"http:\/\/www.romaniancommunity.net\/rci\/nadia-elena-comaneci\/#primaryimage","url":"http:\/\/www.romaniancommunity.net\/rci\/wp-content\/uploads\/2015\/06\/comaneci01.jpg","contentUrl":"http:\/\/www.romaniancommunity.net\/rci\/wp-content\/uploads\/2015\/06\/comaneci01.jpg","width":250,"height":298},{"@type":"BreadcrumbList","@id":"http:\/\/www.romaniancommunity.net\/rci\/nadia-elena-comaneci\/#breadcrumb","itemListElement":[{"@type":"ListItem","position":1,"name":"Home","item":"http:\/\/www.romaniancommunity.net\/rci\/"},{"@type":"ListItem","position":2,"name":"Nadia Elena Com\u0103neci"}]},{"@type":"WebSite","@id":"http:\/\/www.romaniancommunity.net\/rci\/#website","url":"http:\/\/www.romaniancommunity.net\/rci\/","name":"Romanian Community of Ireland","description":"Comunitatea Rom\u00e2nilor din Irlanda","potentialAction":[{"@type":"SearchAction","target":{"@type":"EntryPoint","urlTemplate":"http:\/\/www.romaniancommunity.net\/rci\/?s={search_term_string}"},"query-input":{"@type":"PropertyValueSpecification","valueRequired":true,"valueName":"search_term_string"}}],"inLanguage":"en-US"},{"@type":"Person","@id":"http:\/\/www.romaniancommunity.net\/rci\/#\/schema\/person\/8d42ff1fbc9520cc8a727cafad2c1cc7","name":"Anca Lupu","image":{"@type":"ImageObject","inLanguage":"en-US","@id":"https:\/\/secure.gravatar.com\/avatar\/ad9921ccc656c6d829e2261411c42ae9e1d223ec926160ce5055394649ebe98e?s=96&d=mm&r=g","url":"https:\/\/secure.gravatar.com\/avatar\/ad9921ccc656c6d829e2261411c42ae9e1d223ec926160ce5055394649ebe98e?s=96&d=mm&r=g","contentUrl":"https:\/\/secure.gravatar.com\/avatar\/ad9921ccc656c6d829e2261411c42ae9e1d223ec926160ce5055394649ebe98e?s=96&d=mm&r=g","caption":"Anca Lupu"},"url":"http:\/\/www.romaniancommunity.net\/rci\/author\/anca\/"}]}},"_links":{"self":[{"href":"http:\/\/www.romaniancommunity.net\/rci\/wp-json\/wp\/v2\/posts\/1570","targetHints":{"allow":["GET"]}}],"collection":[{"href":"http:\/\/www.romaniancommunity.net\/rci\/wp-json\/wp\/v2\/posts"}],"about":[{"href":"http:\/\/www.romaniancommunity.net\/rci\/wp-json\/wp\/v2\/types\/post"}],"author":[{"embeddable":true,"href":"http:\/\/www.romaniancommunity.net\/rci\/wp-json\/wp\/v2\/users\/7"}],"replies":[{"embeddable":true,"href":"http:\/\/www.romaniancommunity.net\/rci\/wp-json\/wp\/v2\/comments?post=1570"}],"version-history":[{"count":17,"href":"http:\/\/www.romaniancommunity.net\/rci\/wp-json\/wp\/v2\/posts\/1570\/revisions"}],"predecessor-version":[{"id":4334,"href":"http:\/\/www.romaniancommunity.net\/rci\/wp-json\/wp\/v2\/posts\/1570\/revisions\/4334"}],"wp:featuredmedia":[{"embeddable":true,"href":"http:\/\/www.romaniancommunity.net\/rci\/wp-json\/wp\/v2\/media\/1577"}],"wp:attachment":[{"href":"http:\/\/www.romaniancommunity.net\/rci\/wp-json\/wp\/v2\/media?parent=1570"}],"wp:term":[{"taxonomy":"category","embeddable":true,"href":"http:\/\/www.romaniancommunity.net\/rci\/wp-json\/wp\/v2\/categories?post=1570"},{"taxonomy":"post_tag","embeddable":true,"href":"http:\/\/www.romaniancommunity.net\/rci\/wp-json\/wp\/v2\/tags?post=1570"}],"curies":[{"name":"wp","href":"https:\/\/api.w.org\/{rel}","templated":true}]}}