{"id":1552,"date":"2015-05-20T12:53:19","date_gmt":"2015-05-20T12:53:19","guid":{"rendered":"http:\/\/www.romaniancommunity.net\/rci\/?p=1552"},"modified":"2016-09-05T16:01:43","modified_gmt":"2016-09-05T16:01:43","slug":"ana-aslan","status":"publish","type":"post","link":"http:\/\/www.romaniancommunity.net\/rci\/ana-aslan\/","title":{"rendered":"Ana Aslan"},"content":{"rendered":"<p>ANA ASLAN \u2013 Savantul rom\u00e2n care a \u201c\u00eenvins\u201d b\u0103tr\u00e2ne\u0163ea.<\/p>\n<p style=\"text-align: justify;\">\u201c S\u0103 fii ve\u015fnic t\u00e2n\u0103r nu \u00eenseamn\u0103 s\u0103 ai 20 de ani, \u00eenseamn\u0103 s\u0103 fii optimist, s\u0103 te sim\u0163i bine, s\u0103 ai un ideal \u00een via\u0163\u0103 pentru care s\u0103 lup\u0163i \u015fi pe care s\u0103\u00a0\u00eel cucere\u015fti. Tratamentul meu cu Gerovital H3 este o solu\u0163ie, dar nu numai. Este, \u00een acela\u015fi timp, o filozofie de via\u0163\u0103\u00a0\u015fi speran\u0163\u0103\u201d &#8211; Ana Aslan<b>.<\/b><\/p>\n<p style=\"text-align: justify;\"><span style=\"line-height: 1.5em;\"><img loading=\"lazy\" decoding=\"async\" class=\"alignleft size-full wp-image-1558\" src=\"http:\/\/www.romaniancommunity.net\/rci\/wp-content\/uploads\/2015\/05\/anaslan01.jpg\" alt=\"anaslan01\" width=\"229\" height=\"229\" srcset=\"http:\/\/www.romaniancommunity.net\/rci\/wp-content\/uploads\/2015\/05\/anaslan01.jpg 229w, http:\/\/www.romaniancommunity.net\/rci\/wp-content\/uploads\/2015\/05\/anaslan01-150x150.jpg 150w\" sizes=\"auto, (max-width: 229px) 100vw, 229px\" \/>Ana, cel mai mic copil dintre cei patru ai Sofiei \u015fi ai lui Margarit Aslan, s-a n\u0103scut la 1 ianuarie 1897 la Br\u0103ila. Provenind dintr-o familie de intelectuali, viitoarea cercet\u0103toare a urmat cursurile colegiului Romascanu din Br\u0103ila. La v\u00e2rsta de 13 ani \u015fi-a pierdut tat\u0103l, iar familia Aslan a p\u0103r\u0103sit ora\u015ful natal \u015fi s-a mutat la Bucure\u015fti unde, \u00een 1915, Ana a absolvit \u015ecoala Central\u0103 din Capital\u0103. De\u015fi la v\u00e2rsta de 16 ani visa s\u0103 ajung\u0103 pilot, \u00een cele din urm\u0103 se decide s\u0103 devin\u0103 medic, lucru total neagreat de mama sa. Pentru a \u00eenfr\u00e2nge opozi\u0163ia mamei a declarat greva foamei timp de 3 zile. Ac\u0163iunea ei nu r\u0103m\u00e2ne f\u0103r\u0103 rezultat \u015fi \u00een final se \u00eenscrie la Facultatea de Medicin\u0103 (1915-1922).<\/span><\/p>\n<p style=\"text-align: justify;\">\u00cen timpul primului r\u0103zboi mondial \u00eengrije\u015fte solda\u0163ii din spitalele militare din spatele frontului de la Ia\u015fi. Dup\u0103 \u00eentoarcerea la Bucure\u015fti, \u00een anul 1919, lucreaz\u0103 al\u0103turi de marele neurolog Gheorghe Marinescu.<\/p>\n<p style=\"text-align: justify;\">Urmeaz\u0103 o activitate spitaliceasc\u0103 la Filantropia, Institutul Clinico-Medical al Facult\u0103\u0163ii de Medicin\u0103 din Bucure\u015fti, Clinica Medical\u0103 din Timi\u015foara, Spitalul CFR, dar \u015fi pedagogica fiind profesor titular de clinic\u0103\u00a0medical\u0103 a Facult\u0103\u0163ii de Medicin\u0103 din Timi\u015foara. \u00cen anul 1949 devine \u015feful Sec\u0163iei de fiziologie a Institutului de Endocrinologie din Bucure\u015fti, acesta reprezent\u00e2nd \u00a0momentul declan\u015fator al unei cariere de excep\u0163ie pentru aceea care avea s\u0103 devin\u0103 \u00a0unul dintre pionierii gerontologiei medicale mondiale. Din \u00a0anul 1952 a fost director al Institutului de Geriatrie din Bucure\u015fti, primul din lume cu acest profil, \u00eenfiin\u0163at de c\u0103tre ea cu sprijinul Profesorului Doctor Constantin Ion Parhon, personalitate politic\u0103 influent\u0103 la vremea aceea. \u00cen anul 1974 acest institut a devenit Institutul Na\u0163ional de Geriatrie \u015fi Gerontologie, iar Ana Aslana devenit membru Academiei Rom\u00e2ne.<\/p>\n<p style=\"text-align: justify;\">\u00cen perioada c\u00e2t a profesat la Timi\u015foara a experimentat procaina pe un t\u00e2n\u0103r reumatic c\u0103zut la pat din cauza unei crize de artroz\u0103\u00a0\u015fi a reu\u015fit s\u0103-i amelioreze boala. Observ\u00e2nd rezultatele notabile ale experimentului, l-a continuat la un Complex Social al Ministerului Muncii \u015fi Ocrotirii Sociale, pe b\u0103tr\u00e2ni suferinzi, eviden\u0163iind importan\u0163a novocainei \u00een ameliorarea tulbur\u0103rilor distrofice legate de v\u00e2rst\u0103. A ob\u0163inut rezultate remarcabile care au fost \u00a0comunicate Academiei Rom\u00e2ne.<\/p>\n<p style=\"text-align: justify;\"><img loading=\"lazy\" decoding=\"async\" class=\"alignleft size-full wp-image-1557\" src=\"http:\/\/www.romaniancommunity.net\/rci\/wp-content\/uploads\/2015\/05\/anaslan02.jpg\" alt=\"anaslan02\" width=\"300\" height=\"227\" \/>\u00cen 1956 rezultatele cercet\u0103rilor au fost prezentate la Congresul Theorapiewoche de la Karlsruhe \u015fi la Congresul European de Gerontologie de la Basel. A fost pentru prima dat\u0103 c\u00e2nd cercet\u0103rile rom\u00e2ne\u015fti \u00e2n domeniu s-au impus pe plan interna\u0163ional \u015fi au generat o serie de ac\u0163iuni de testare \u015fi compara\u0163ie cu produse similare din farmacopeea mondial\u0103. Timp de doi ani a experimentat produsul pe c\u00e2teva mii de persoane, iar rezultatele au fost favorabile, procesul \u00eemb\u0103tr\u00e2nirii naturale fiind diminuat cu peste 40%. \u00cencep\u00e2nd din anul 1958, Gerovital H3 a \u00eenceput s\u0103 fie produs la scar\u0103 larg\u0103, fiind brevetat \u015fi comercializat \u00een peste 30 de state.<\/p>\n<p style=\"text-align: justify;\">\u00cencepe o munc\u0103 asidu\u0103\u00a0\u00eempreuna cu farmacista Elena Polovrageanu, iar \u00een 1960 Prof. Ana Aslan \u00eencepe experimentarea unui nou produs care con\u0163ine, pe l\u00e2ng\u0103 procaina, \u015fi un fac\u00adtor activator \u015fi antiaterogen. A urmat inventarea Aslavitalului, brevetat \u015fi produs la scar\u0103 larg\u0103, folosit \u00een tratarea profilactic\u0103 \u015fi curativ\u0103 a formelor de \u00eemb\u0103tr\u00e2nire predominant cerebral\u0103 \u015fi cardiovascular\u0103, \u00een astenia psihic\u0103 \u015fi fizic\u0103, surmenajul intelectual, tulbur\u0103rile de memorie. Produsul este primit cu entuziasm de c\u0103tre speciali\u015ftii din \u00eentreaga lume.<\/p>\n<p style=\"text-align: justify;\">Creeaz\u0103 conceptul de &#8220;profilaxie a \u00eemb\u0103tr\u00e2nirii&#8221; \u015fi se preocup\u0103 de b\u0103tr\u00e2nii abandona\u0163i de familie. Refuz\u0103 s\u0103 perceap\u0103 taxe de c\u0103min de la ace\u015fti n\u0103p\u0103stui\u0163i ai sor\u0163ii, \u00eendr\u0103zneal\u0103 ce o cost\u0103 1.500.000 de lei, bani ce \u00eei sunt imputa\u0163i de c\u0103tre organele de partid, \u00een condi\u0163iile \u00een care rezultatele cercet\u0103rilor ei aduseser\u0103 statului venituri de 17.000.000 de dolari anual. \u00centr-un final, dupa ani de procese, i se face dreptate \u015fi este absolvit\u0103 de plata sumei imputate.<\/p>\n<p style=\"text-align: justify;\"><img loading=\"lazy\" decoding=\"async\" class=\"alignright size-full wp-image-1555\" src=\"http:\/\/www.romaniancommunity.net\/rci\/wp-content\/uploads\/2015\/05\/anaslan03.jpg\" alt=\"anaslan03\" width=\"300\" height=\"240\" \/>A publicat sute de lucr\u0103ri, studii, articole \u015fi a fost membr\u0103 a mai multor academii \u015fi institu\u0163ii mondiale cu reprezentare la cel mai \u00eenalt nivel. De-a lungul carierei sale Ana Aslan a primit o mul\u0163ime de premii \u015fi distinc\u0163ii \u00een semn de recunoa\u015ftere pentru munca \u00een cercetare \u015fi inova\u0163ie, printre care amintim: Premiul \u015fi Medalia \u201cLeon Bernard\u201d decernate de Organiza\u0163ia Mondial\u0103 a S\u0103n\u0103t\u0103\u0163ii pentru contribu\u0163ii excep\u0163ionale \u00een domeniul me\u00addicinii sociale \u015fi geriatriei, Meritto della re\u00adpublica Italiana, Ca\u00adva\u00adler al Ordinului de Malta &#8211; Fran\u0163a, Comandor al Or\u00addi\u00adnului Orange Nassau &#8211; Olanda, Dama di Collare del San\u00adto Graal &#8211; Fran\u0163a, Citizenship International Award \u2013 Fi\u00adlipine, Profesor Honoris Causa \u015fi Doctor de Onoare al Universit\u0103\u0163ii Baraganza Paulista, Brazilia<\/p>\n<p style=\"text-align: justify;\">Succesele ob\u0163inute \u00een profilaxia \u015fi terapia b\u0103tr\u00e2ne\u0163ii au avut un mare impact asupra lumii medicale \u015fi a opiniei publice interna\u0163ionale. Printre celebrit\u0103\u0163ile care au apelat la elixirul tinere\u0163ii inventat de Ana Aslan s-au num\u0103rat: Salvador Dali, Charlie Chaplin, Aristotel Onassis, Indira Gandhi, Marlene Dietrich, Charles de Gaulle, Tito, Nikita Hru\u015fciov, Claudia Cardinale, Mao Zedong, Pablo Picaso, Yaser Arafat, Winston Churchill, Franco s.a.<\/p>\n<p style=\"text-align: justify;\">Ana Aslan a fost o persoan\u0103 discret\u0103, retras\u0103, care \u0219i-a \u021binut via\u021ba personal\u0103 departe de ochii lumii<i>.<\/i> Nu a avut copii \u015fi nu a fost c\u0103s\u0103torit\u0103 niciodat\u0103. \u00a0De altfel, \u00eentr-un interviu, omul de \u015ftiin\u0163\u0103 Ana Aslan se descria astfel: <em>\u201eEu nu tr\u0103iesc \u00een trecut. Eu \u00een general tr\u0103iesc \u00een prezent \u015fi viitor. Nu m\u0103 g\u00e2ndesc la trecut, nici m\u0103car nu \u00eemi amintesc de trecut. Cred c\u0103 alt\u0103 tr\u0103s\u0103tur\u0103 care m-a ajutat este aceea c\u0103 nu regret nimic. A\u015fa am fost \u00een via\u0163\u0103 \u015fi a\u015fa sunt acum. Nu regret nimic, nici lupta pe care am avut-o, nici c\u0103 sunt singur\u0103, nimic! Da, eu a\u015fa sunt!\u201d. <\/em><\/p>\n<p style=\"text-align: justify;\"><img loading=\"lazy\" decoding=\"async\" class=\"alignleft size-full wp-image-1556\" src=\"http:\/\/www.romaniancommunity.net\/rci\/wp-content\/uploads\/2015\/05\/anaslan04.jpg\" alt=\"anaslan04\" width=\"300\" height=\"175\" \/>S-a stins din via\u0163\u0103 la 20 mai 1988 la Spitalul Elias, dup\u0103 o lupt\u0103 acerb\u0103 cu o boal\u0103 necru\u0163\u0103toare. Elena Ceau\u015fescu a refuzat s\u0103-i \u00eendeplineasc\u0103 ultimele dorin\u0163e: aceea de a fi \u00eengropat\u0103 \u00een cavoul Kalindero-Danielopolu, unde deja erau mama \u015fi fratele ei si dorin\u0163a de a fi \u00eenmorm\u00e2ntat\u0103 cu preot. A fost \u00eenmorm\u00e2ntat\u0103 la Cimitirul Belu, unde a avut parte de o ceremonie laic\u0103 \u00eentr-o continu\u0103 c\u00e2ntare a mar\u015fului funebru de Chopin.<\/p>\n<p style=\"text-align: justify;\"><em>Academicianul Constantin Balaceanu Stolnici vorbe\u015fte cu admiratie despre savantul rom\u00e2n: <\/em>\u201e\u015etia s\u0103 fie vesel\u0103, \u015ftia s\u0103 aib\u0103 un comportament social, \u015ftia s\u0103 \u00ee\u0163i fac\u0103 pl\u0103cere. Am v\u0103zut-o \u015fi dans\u00e2nd, am v\u0103zut-o \u015fi f\u0103c\u00e2nd glume, am v\u0103zut-o \u015fi juc\u00e2nd c\u0103r\u0163i, fiindc\u0103 era o mare juc\u0103toare de bridge. Era o persoan\u0103 foarte.. de salon\u201d<\/p>\n<p><em>Articol editat de George Br\u0103tulescu \u2013 membru voluntar al Romanian Community of Ireland<\/em><br \/>\nBibliografie:<br \/>\n<a href=\"http:\/\/www.ana-aslan.ro\/\" target=\"_blank\">www.ana-aslan.ro<br \/>\n<\/a><a href=\"http:\/\/www.enciclopediaromaniei.ro\/\" target=\"_blank\">www.enciclopediaromaniei.ro<br \/>\n<\/a><a href=\"http:\/\/www.wikipedia.org\/\" target=\"_blank\">www.wikipedia.org<br \/>\n<\/a><a href=\"http:\/\/www.digi24.ro\/\" target=\"_blank\">www.digi24.ro<br \/>\n<\/a><a href=\"http:\/\/www.farmec.ro\/\" target=\"_blank\">www.farmec.ro<\/a><\/p>\n<p>&nbsp;<\/p>\n","protected":false},"excerpt":{"rendered":"<p>ANA ASLAN \u2013 Savantul rom\u00e2n care a \u201c\u00eenvins\u201d b\u0103tr\u00e2ne\u0163ea. \u201c S\u0103 fii ve\u015fnic t\u00e2n\u0103r nu \u00eenseamn\u0103 s\u0103 ai 20 de ani, \u00eenseamn\u0103 s\u0103 fii optimist, s\u0103 te sim\u0163i bine, s\u0103 [&hellip;]<\/p>\n","protected":false},"author":7,"featured_media":1558,"comment_status":"closed","ping_status":"closed","sticky":false,"template":"","format":"standard","meta":{"footnotes":""},"categories":[7],"tags":[],"class_list":["post-1552","post","type-post","status-publish","format-standard","has-post-thumbnail","hentry","category-personalitati-romane-celebre-in-lume"],"yoast_head":"<!-- This site is optimized with the Yoast SEO plugin v27.4 - https:\/\/yoast.com\/product\/yoast-seo-wordpress\/ -->\n<title>Ana Aslan - Romanian Community of Ireland<\/title>\n<meta name=\"description\" content=\"ANA ASLAN \u2013 Savantul rom\u00e2n care a \u201c\u00eenvins\u201d b\u0103tr\u00e2ne\u0163ea. \u201c S\u0103 fii ve\u015fnic t\u00e2n\u0103r nu \u00eenseamn\u0103 s\u0103 ai 20 de ani, \u00eenseamn\u0103 s\u0103 fii optimist, s\u0103 te sim\u0163i bine, s\u0103\" \/>\n<meta name=\"robots\" content=\"index, follow, max-snippet:-1, max-image-preview:large, max-video-preview:-1\" \/>\n<link rel=\"canonical\" href=\"http:\/\/www.romaniancommunity.net\/rci\/ana-aslan\/\" \/>\n<meta property=\"og:locale\" content=\"en_US\" \/>\n<meta property=\"og:type\" content=\"article\" \/>\n<meta property=\"og:title\" content=\"Ana Aslan - Romanian Community of Ireland\" \/>\n<meta property=\"og:description\" content=\"ANA ASLAN \u2013 Savantul rom\u00e2n care a \u201c\u00eenvins\u201d b\u0103tr\u00e2ne\u0163ea. \u201c S\u0103 fii ve\u015fnic t\u00e2n\u0103r nu \u00eenseamn\u0103 s\u0103 ai 20 de ani, \u00eenseamn\u0103 s\u0103 fii optimist, s\u0103 te sim\u0163i bine, s\u0103\" \/>\n<meta property=\"og:url\" content=\"http:\/\/www.romaniancommunity.net\/rci\/ana-aslan\/\" \/>\n<meta property=\"og:site_name\" content=\"Romanian Community of Ireland\" \/>\n<meta property=\"article:publisher\" content=\"https:\/\/www.facebook.com\/RomanianCommunityOfIreland\/\" \/>\n<meta property=\"article:published_time\" content=\"2015-05-20T12:53:19+00:00\" \/>\n<meta property=\"article:modified_time\" content=\"2016-09-05T16:01:43+00:00\" \/>\n<meta property=\"og:image\" content=\"http:\/\/www.romaniancommunity.net\/rci\/wp-content\/uploads\/2015\/05\/anaslan01.jpg\" \/>\n\t<meta property=\"og:image:width\" content=\"229\" \/>\n\t<meta property=\"og:image:height\" content=\"229\" \/>\n\t<meta property=\"og:image:type\" content=\"image\/jpeg\" \/>\n<meta name=\"author\" content=\"Anca Lupu\" \/>\n<meta name=\"twitter:card\" content=\"summary_large_image\" \/>\n<meta name=\"twitter:label1\" content=\"Written by\" \/>\n\t<meta name=\"twitter:data1\" content=\"Anca Lupu\" \/>\n\t<meta name=\"twitter:label2\" content=\"Est. reading time\" \/>\n\t<meta name=\"twitter:data2\" content=\"6 minutes\" \/>\n<script type=\"application\/ld+json\" class=\"yoast-schema-graph\">{\"@context\":\"https:\\\/\\\/schema.org\",\"@graph\":[{\"@type\":\"Article\",\"@id\":\"http:\\\/\\\/www.romaniancommunity.net\\\/rci\\\/ana-aslan\\\/#article\",\"isPartOf\":{\"@id\":\"http:\\\/\\\/www.romaniancommunity.net\\\/rci\\\/ana-aslan\\\/\"},\"author\":{\"name\":\"Anca Lupu\",\"@id\":\"http:\\\/\\\/www.romaniancommunity.net\\\/rci\\\/#\\\/schema\\\/person\\\/8d42ff1fbc9520cc8a727cafad2c1cc7\"},\"headline\":\"Ana Aslan\",\"datePublished\":\"2015-05-20T12:53:19+00:00\",\"dateModified\":\"2016-09-05T16:01:43+00:00\",\"mainEntityOfPage\":{\"@id\":\"http:\\\/\\\/www.romaniancommunity.net\\\/rci\\\/ana-aslan\\\/\"},\"wordCount\":1251,\"image\":{\"@id\":\"http:\\\/\\\/www.romaniancommunity.net\\\/rci\\\/ana-aslan\\\/#primaryimage\"},\"thumbnailUrl\":\"http:\\\/\\\/www.romaniancommunity.net\\\/rci\\\/wp-content\\\/uploads\\\/2015\\\/05\\\/anaslan01.jpg\",\"articleSection\":[\"Personalit\u0103\u0163i rom\u00e2ne celebre \u00een lume\"],\"inLanguage\":\"en-US\"},{\"@type\":\"WebPage\",\"@id\":\"http:\\\/\\\/www.romaniancommunity.net\\\/rci\\\/ana-aslan\\\/\",\"url\":\"http:\\\/\\\/www.romaniancommunity.net\\\/rci\\\/ana-aslan\\\/\",\"name\":\"Ana Aslan - Romanian Community of Ireland\",\"isPartOf\":{\"@id\":\"http:\\\/\\\/www.romaniancommunity.net\\\/rci\\\/#website\"},\"primaryImageOfPage\":{\"@id\":\"http:\\\/\\\/www.romaniancommunity.net\\\/rci\\\/ana-aslan\\\/#primaryimage\"},\"image\":{\"@id\":\"http:\\\/\\\/www.romaniancommunity.net\\\/rci\\\/ana-aslan\\\/#primaryimage\"},\"thumbnailUrl\":\"http:\\\/\\\/www.romaniancommunity.net\\\/rci\\\/wp-content\\\/uploads\\\/2015\\\/05\\\/anaslan01.jpg\",\"datePublished\":\"2015-05-20T12:53:19+00:00\",\"dateModified\":\"2016-09-05T16:01:43+00:00\",\"author\":{\"@id\":\"http:\\\/\\\/www.romaniancommunity.net\\\/rci\\\/#\\\/schema\\\/person\\\/8d42ff1fbc9520cc8a727cafad2c1cc7\"},\"description\":\"ANA ASLAN \u2013 Savantul rom\u00e2n care a \u201c\u00eenvins\u201d b\u0103tr\u00e2ne\u0163ea. \u201c S\u0103 fii ve\u015fnic t\u00e2n\u0103r nu \u00eenseamn\u0103 s\u0103 ai 20 de ani, \u00eenseamn\u0103 s\u0103 fii optimist, s\u0103 te sim\u0163i bine, s\u0103\",\"breadcrumb\":{\"@id\":\"http:\\\/\\\/www.romaniancommunity.net\\\/rci\\\/ana-aslan\\\/#breadcrumb\"},\"inLanguage\":\"en-US\",\"potentialAction\":[{\"@type\":\"ReadAction\",\"target\":[\"http:\\\/\\\/www.romaniancommunity.net\\\/rci\\\/ana-aslan\\\/\"]}]},{\"@type\":\"ImageObject\",\"inLanguage\":\"en-US\",\"@id\":\"http:\\\/\\\/www.romaniancommunity.net\\\/rci\\\/ana-aslan\\\/#primaryimage\",\"url\":\"http:\\\/\\\/www.romaniancommunity.net\\\/rci\\\/wp-content\\\/uploads\\\/2015\\\/05\\\/anaslan01.jpg\",\"contentUrl\":\"http:\\\/\\\/www.romaniancommunity.net\\\/rci\\\/wp-content\\\/uploads\\\/2015\\\/05\\\/anaslan01.jpg\",\"width\":229,\"height\":229,\"caption\":\"Ana Aslan\"},{\"@type\":\"BreadcrumbList\",\"@id\":\"http:\\\/\\\/www.romaniancommunity.net\\\/rci\\\/ana-aslan\\\/#breadcrumb\",\"itemListElement\":[{\"@type\":\"ListItem\",\"position\":1,\"name\":\"Home\",\"item\":\"http:\\\/\\\/www.romaniancommunity.net\\\/rci\\\/\"},{\"@type\":\"ListItem\",\"position\":2,\"name\":\"Ana Aslan\"}]},{\"@type\":\"WebSite\",\"@id\":\"http:\\\/\\\/www.romaniancommunity.net\\\/rci\\\/#website\",\"url\":\"http:\\\/\\\/www.romaniancommunity.net\\\/rci\\\/\",\"name\":\"Romanian Community of Ireland\",\"description\":\"Comunitatea Rom\u00e2nilor din Irlanda\",\"potentialAction\":[{\"@type\":\"SearchAction\",\"target\":{\"@type\":\"EntryPoint\",\"urlTemplate\":\"http:\\\/\\\/www.romaniancommunity.net\\\/rci\\\/?s={search_term_string}\"},\"query-input\":{\"@type\":\"PropertyValueSpecification\",\"valueRequired\":true,\"valueName\":\"search_term_string\"}}],\"inLanguage\":\"en-US\"},{\"@type\":\"Person\",\"@id\":\"http:\\\/\\\/www.romaniancommunity.net\\\/rci\\\/#\\\/schema\\\/person\\\/8d42ff1fbc9520cc8a727cafad2c1cc7\",\"name\":\"Anca Lupu\",\"image\":{\"@type\":\"ImageObject\",\"inLanguage\":\"en-US\",\"@id\":\"https:\\\/\\\/secure.gravatar.com\\\/avatar\\\/ad9921ccc656c6d829e2261411c42ae9e1d223ec926160ce5055394649ebe98e?s=96&d=mm&r=g\",\"url\":\"https:\\\/\\\/secure.gravatar.com\\\/avatar\\\/ad9921ccc656c6d829e2261411c42ae9e1d223ec926160ce5055394649ebe98e?s=96&d=mm&r=g\",\"contentUrl\":\"https:\\\/\\\/secure.gravatar.com\\\/avatar\\\/ad9921ccc656c6d829e2261411c42ae9e1d223ec926160ce5055394649ebe98e?s=96&d=mm&r=g\",\"caption\":\"Anca Lupu\"},\"url\":\"http:\\\/\\\/www.romaniancommunity.net\\\/rci\\\/author\\\/anca\\\/\"}]}<\/script>\n<!-- \/ Yoast SEO plugin. -->","yoast_head_json":{"title":"Ana Aslan - Romanian Community of Ireland","description":"ANA ASLAN \u2013 Savantul rom\u00e2n care a \u201c\u00eenvins\u201d b\u0103tr\u00e2ne\u0163ea. \u201c S\u0103 fii ve\u015fnic t\u00e2n\u0103r nu \u00eenseamn\u0103 s\u0103 ai 20 de ani, \u00eenseamn\u0103 s\u0103 fii optimist, s\u0103 te sim\u0163i bine, s\u0103","robots":{"index":"index","follow":"follow","max-snippet":"max-snippet:-1","max-image-preview":"max-image-preview:large","max-video-preview":"max-video-preview:-1"},"canonical":"http:\/\/www.romaniancommunity.net\/rci\/ana-aslan\/","og_locale":"en_US","og_type":"article","og_title":"Ana Aslan - Romanian Community of Ireland","og_description":"ANA ASLAN \u2013 Savantul rom\u00e2n care a \u201c\u00eenvins\u201d b\u0103tr\u00e2ne\u0163ea. \u201c S\u0103 fii ve\u015fnic t\u00e2n\u0103r nu \u00eenseamn\u0103 s\u0103 ai 20 de ani, \u00eenseamn\u0103 s\u0103 fii optimist, s\u0103 te sim\u0163i bine, s\u0103","og_url":"http:\/\/www.romaniancommunity.net\/rci\/ana-aslan\/","og_site_name":"Romanian Community of Ireland","article_publisher":"https:\/\/www.facebook.com\/RomanianCommunityOfIreland\/","article_published_time":"2015-05-20T12:53:19+00:00","article_modified_time":"2016-09-05T16:01:43+00:00","og_image":[{"width":229,"height":229,"url":"http:\/\/www.romaniancommunity.net\/rci\/wp-content\/uploads\/2015\/05\/anaslan01.jpg","type":"image\/jpeg"}],"author":"Anca Lupu","twitter_card":"summary_large_image","twitter_misc":{"Written by":"Anca Lupu","Est. reading time":"6 minutes"},"schema":{"@context":"https:\/\/schema.org","@graph":[{"@type":"Article","@id":"http:\/\/www.romaniancommunity.net\/rci\/ana-aslan\/#article","isPartOf":{"@id":"http:\/\/www.romaniancommunity.net\/rci\/ana-aslan\/"},"author":{"name":"Anca Lupu","@id":"http:\/\/www.romaniancommunity.net\/rci\/#\/schema\/person\/8d42ff1fbc9520cc8a727cafad2c1cc7"},"headline":"Ana Aslan","datePublished":"2015-05-20T12:53:19+00:00","dateModified":"2016-09-05T16:01:43+00:00","mainEntityOfPage":{"@id":"http:\/\/www.romaniancommunity.net\/rci\/ana-aslan\/"},"wordCount":1251,"image":{"@id":"http:\/\/www.romaniancommunity.net\/rci\/ana-aslan\/#primaryimage"},"thumbnailUrl":"http:\/\/www.romaniancommunity.net\/rci\/wp-content\/uploads\/2015\/05\/anaslan01.jpg","articleSection":["Personalit\u0103\u0163i rom\u00e2ne celebre \u00een lume"],"inLanguage":"en-US"},{"@type":"WebPage","@id":"http:\/\/www.romaniancommunity.net\/rci\/ana-aslan\/","url":"http:\/\/www.romaniancommunity.net\/rci\/ana-aslan\/","name":"Ana Aslan - Romanian Community of Ireland","isPartOf":{"@id":"http:\/\/www.romaniancommunity.net\/rci\/#website"},"primaryImageOfPage":{"@id":"http:\/\/www.romaniancommunity.net\/rci\/ana-aslan\/#primaryimage"},"image":{"@id":"http:\/\/www.romaniancommunity.net\/rci\/ana-aslan\/#primaryimage"},"thumbnailUrl":"http:\/\/www.romaniancommunity.net\/rci\/wp-content\/uploads\/2015\/05\/anaslan01.jpg","datePublished":"2015-05-20T12:53:19+00:00","dateModified":"2016-09-05T16:01:43+00:00","author":{"@id":"http:\/\/www.romaniancommunity.net\/rci\/#\/schema\/person\/8d42ff1fbc9520cc8a727cafad2c1cc7"},"description":"ANA ASLAN \u2013 Savantul rom\u00e2n care a \u201c\u00eenvins\u201d b\u0103tr\u00e2ne\u0163ea. \u201c S\u0103 fii ve\u015fnic t\u00e2n\u0103r nu \u00eenseamn\u0103 s\u0103 ai 20 de ani, \u00eenseamn\u0103 s\u0103 fii optimist, s\u0103 te sim\u0163i bine, s\u0103","breadcrumb":{"@id":"http:\/\/www.romaniancommunity.net\/rci\/ana-aslan\/#breadcrumb"},"inLanguage":"en-US","potentialAction":[{"@type":"ReadAction","target":["http:\/\/www.romaniancommunity.net\/rci\/ana-aslan\/"]}]},{"@type":"ImageObject","inLanguage":"en-US","@id":"http:\/\/www.romaniancommunity.net\/rci\/ana-aslan\/#primaryimage","url":"http:\/\/www.romaniancommunity.net\/rci\/wp-content\/uploads\/2015\/05\/anaslan01.jpg","contentUrl":"http:\/\/www.romaniancommunity.net\/rci\/wp-content\/uploads\/2015\/05\/anaslan01.jpg","width":229,"height":229,"caption":"Ana Aslan"},{"@type":"BreadcrumbList","@id":"http:\/\/www.romaniancommunity.net\/rci\/ana-aslan\/#breadcrumb","itemListElement":[{"@type":"ListItem","position":1,"name":"Home","item":"http:\/\/www.romaniancommunity.net\/rci\/"},{"@type":"ListItem","position":2,"name":"Ana Aslan"}]},{"@type":"WebSite","@id":"http:\/\/www.romaniancommunity.net\/rci\/#website","url":"http:\/\/www.romaniancommunity.net\/rci\/","name":"Romanian Community of Ireland","description":"Comunitatea Rom\u00e2nilor din Irlanda","potentialAction":[{"@type":"SearchAction","target":{"@type":"EntryPoint","urlTemplate":"http:\/\/www.romaniancommunity.net\/rci\/?s={search_term_string}"},"query-input":{"@type":"PropertyValueSpecification","valueRequired":true,"valueName":"search_term_string"}}],"inLanguage":"en-US"},{"@type":"Person","@id":"http:\/\/www.romaniancommunity.net\/rci\/#\/schema\/person\/8d42ff1fbc9520cc8a727cafad2c1cc7","name":"Anca Lupu","image":{"@type":"ImageObject","inLanguage":"en-US","@id":"https:\/\/secure.gravatar.com\/avatar\/ad9921ccc656c6d829e2261411c42ae9e1d223ec926160ce5055394649ebe98e?s=96&d=mm&r=g","url":"https:\/\/secure.gravatar.com\/avatar\/ad9921ccc656c6d829e2261411c42ae9e1d223ec926160ce5055394649ebe98e?s=96&d=mm&r=g","contentUrl":"https:\/\/secure.gravatar.com\/avatar\/ad9921ccc656c6d829e2261411c42ae9e1d223ec926160ce5055394649ebe98e?s=96&d=mm&r=g","caption":"Anca Lupu"},"url":"http:\/\/www.romaniancommunity.net\/rci\/author\/anca\/"}]}},"_links":{"self":[{"href":"http:\/\/www.romaniancommunity.net\/rci\/wp-json\/wp\/v2\/posts\/1552","targetHints":{"allow":["GET"]}}],"collection":[{"href":"http:\/\/www.romaniancommunity.net\/rci\/wp-json\/wp\/v2\/posts"}],"about":[{"href":"http:\/\/www.romaniancommunity.net\/rci\/wp-json\/wp\/v2\/types\/post"}],"author":[{"embeddable":true,"href":"http:\/\/www.romaniancommunity.net\/rci\/wp-json\/wp\/v2\/users\/7"}],"replies":[{"embeddable":true,"href":"http:\/\/www.romaniancommunity.net\/rci\/wp-json\/wp\/v2\/comments?post=1552"}],"version-history":[{"count":6,"href":"http:\/\/www.romaniancommunity.net\/rci\/wp-json\/wp\/v2\/posts\/1552\/revisions"}],"predecessor-version":[{"id":2071,"href":"http:\/\/www.romaniancommunity.net\/rci\/wp-json\/wp\/v2\/posts\/1552\/revisions\/2071"}],"wp:featuredmedia":[{"embeddable":true,"href":"http:\/\/www.romaniancommunity.net\/rci\/wp-json\/wp\/v2\/media\/1558"}],"wp:attachment":[{"href":"http:\/\/www.romaniancommunity.net\/rci\/wp-json\/wp\/v2\/media?parent=1552"}],"wp:term":[{"taxonomy":"category","embeddable":true,"href":"http:\/\/www.romaniancommunity.net\/rci\/wp-json\/wp\/v2\/categories?post=1552"},{"taxonomy":"post_tag","embeddable":true,"href":"http:\/\/www.romaniancommunity.net\/rci\/wp-json\/wp\/v2\/tags?post=1552"}],"curies":[{"name":"wp","href":"https:\/\/api.w.org\/{rel}","templated":true}]}}