{"id":1544,"date":"2015-05-04T11:15:40","date_gmt":"2015-05-04T11:15:40","guid":{"rendered":"http:\/\/www.romaniancommunity.net\/rci\/?p=1544"},"modified":"2016-09-05T15:57:27","modified_gmt":"2016-09-05T15:57:27","slug":"george-eenescu","status":"publish","type":"post","link":"http:\/\/www.romaniancommunity.net\/rci\/george-eenescu\/","title":{"rendered":"George Enescu"},"content":{"rendered":"<p style=\"text-align: justify;\"><strong>GEORGE ENESCU \u2013 <\/strong>Un geniu. Un om liber. Un spirit modern. Un om cald \u0219i generos. Un b\u0103rbat de cuv\u00e2nt. Un caracter. <strong>Primul compozitor rom\u00e2n care a intrat \u00een patrimoniul cultural universal declara \u00een 1936: \u201e<\/strong>Romantic \u015fi clasic prin instinct, m-am str\u0103duit s\u0103 \u00eempreunez \u00een toate lucr\u0103rile mele o form\u0103 de echilibru care \u00ee\u015fi are linia ei l\u0103untric\u0103 bine definit\u0103\u201d.<\/p>\n<p style=\"text-align: justify;\"><a href=\"http:\/\/www.romaniancommunity.net\/rci\/wp-content\/uploads\/2015\/05\/enescu001.jpg\"><img loading=\"lazy\" decoding=\"async\" class=\"alignleft size-medium wp-image-1550\" src=\"http:\/\/www.romaniancommunity.net\/rci\/wp-content\/uploads\/2015\/05\/enescu001-220x300.jpg\" alt=\"enescu001\" width=\"220\" height=\"300\" srcset=\"http:\/\/www.romaniancommunity.net\/rci\/wp-content\/uploads\/2015\/05\/enescu001-220x300.jpg 220w, http:\/\/www.romaniancommunity.net\/rci\/wp-content\/uploads\/2015\/05\/enescu001.jpg 234w\" sizes=\"auto, (max-width: 220px) 100vw, 220px\" \/><\/a>\u00a0\u00a0\u00a0\u00a0 George Enescu s-a n\u0103scut la 19 august 1881 \u00een satul Liveni-V\u00eernav din jude\u021bul Boto\u015fani, \u00een familia arenda\u0219ului Costache Enescu \u0219i a so\u021biei lui, Maria, fiic\u0103 de preot. A fost al optulea copil \u0219i primul care n-a murit \u00een copil\u0103rie. Personalitatea sa artistic\u0103 s-a manifestat \u00een multiple ipostaze: compozitor, violonist, pedagog, pianist \u015fi dirijor.<\/p>\n<p style=\"text-align: justify;\">A \u00eenceput s\u0103 c\u00e2nte la vioar\u0103 la v\u00e2rsta de 4 ani, primind \u00eendrum\u0103ri muzicale de la p\u0103rin\u0163ii s\u0103i \u015fi de la un vestit l\u0103utar, Niculae Chioru. Considerat a fi un copil minune, micul Jurjac cum era alintat de familie, visa s\u0103 devin\u0103 compozitor \u00eenc\u0103 de la v\u00e2rsta de 5 ani. \u00cen 1886, Eduard Caudella, compozitor \u015fi profesor la Conservatorul din Ia\u015fi, remarc\u0103 talentul deosebit al lui George Enescu \u015fi \u00eei sf\u0103tuie\u015fte pe p\u0103rin\u0163ii acestuia s\u0103-\u015fi \u00eendrepte copilul c\u0103tre studii muzicale.<\/p>\n<p style=\"text-align: justify;\">\u00centre anii 1888-1894, studiaz\u0103 la Conservatorul din Viena si la v\u00e2rsta de 8 ani debuzeaz\u0103 ca violonist. Presa vienez\u0103 l-a numit \u201eun Mozart rom\u00e2n\u201c. Dup\u0103 absolvirea Conservatorului din Viena cu medalia de argint \u00ee\u015fi continu\u0103 studiile la Conservatorul din Paris. Acolo, celebrul compozitor francez de oper\u0103 Jules Massenet s-a uitat peste mapa cu manuscrise ale t\u00e2n\u0103rului compozitor George Enescu \u015fi privindul i-a spus:<em> \u201e<\/em><em>Ai s\u0103 reu\u0219e\u0219ti!\u201d. <\/em>Era acela\u0219i entuziasm cu care profesorul belgian de vioar\u0103 Martin Pierre Marsick m\u0103rturisea<em>: \u201e<\/em><em>Acest elev are \u00een cel mai \u00eenalt grad toate calit\u0103\u021bile unui mare virtuoz, \u00een ce prive\u0219te timbrul, intona\u021bia, tehnica \u0219i profunzimea stilului\u201d.<\/em> \u00a0George Enescu a absolvit \u00een 1899 cu premiul I, clasa de vioar\u0103 la Conservatorul din Paris.<\/p>\n<p style=\"text-align: justify;\"><img loading=\"lazy\" decoding=\"async\" class=\"alignright size-full wp-image-1549\" src=\"http:\/\/www.romaniancommunity.net\/rci\/wp-content\/uploads\/2015\/05\/enescu002.jpg\" alt=\"enescu002\" width=\"250\" height=\"223\" \/>\u00a0\u00a0\u00a0\u00a0 Debutul s\u0103u componisitic \u00een condi\u0163ii excep\u0163ionale are loc pe 6 februarie 1898, la Concertele Colonne din Paris, cu Poema Rom\u00e2n\u0103. \u00cen acela\u015fi an muzicianul \u00een v\u00e2rst\u0103 de 17 ani \u00eencepe s\u0103 dea lec\u0163ii de vioar\u0103 \u015fi sus\u0163ine recitaluri la Bucure\u015fti. Admirat de Regina Elisabeta a Rom\u00e2niei, celebra protectoare a artei Carmen Sylva, este deseori invitat s\u0103 c\u00e2nte la Castelul Pele\u015f din Sinaia. Enescu a compus mai multe lieduri, inspirat de c\u00e2teva poeme ale reginei.<\/p>\n<p style=\"text-align: justify;\">Compozi\u0163iile sale mai cunoscute dateaz\u0103 din primii ani ai secolului XX, cum sunt cele dou\u0103 Rapsodii Rom\u00e2ne, op. 11(1901-1902), Suita nr. 1 pentru orchestr\u0103, op. 9(1903), prima sa Simfonie, \u00een Mi b, op. 13 (1905), \u015eapte c\u00e2ntece pe versuri de Cl\u00e9ment Marot, op. 15 (1908). Cea mai \u00eendr\u0103git\u0103 lucrare a compozitorului la care a lucrat mai bine de 10 ani, este opera \u201eOedip\u201d, una dintre cele mai complexe \u015fi solicitante partituri din lume, pe care i-a dedicat-o Mariei Rosetti Cantacuzino, care i-a devenit so\u0163ie \u00een 1937. Opera \u201eOedip\u201d a avut premiera \u00een 1936 la Paris, pe un libret de Edmond Fleg, \u015fi s-a bucurat de un succes r\u0103sun\u0103tor.<\/p>\n<p style=\"text-align: justify;\">Activitatea sa muzical\u0103 alterneaz\u0103 \u00eentre Bucure\u015fti \u015fi Paris. Face turnee \u00een mai multe \u0163\u0103ri europene, al\u0103turi de parteneri prestigio\u015fi ca Alfredo Casella, Pablo Casals, Louis Fournier. \u00cen 1913 a instituit \u015fi sus\u0163inut din fonduri personale \u201e<em>Premiul na\u0163ional de compozi\u0163ie<\/em><i> <\/i><em>George Enescu\u201d<\/em>, acordat anual p\u00e2n\u0103 \u00een 1946. George Enescu a fost de asemenea membru fondator \u015fi pre\u015fedinte (1920 \u2013 1948) al Societ\u0103\u0163ii Compozitorilor Rom\u00e2ni din Bucure\u015fti.<\/p>\n<p style=\"text-align: justify;\">\u00cen timpul Primului r\u0103zboi mondial r\u0103m\u00e2ne \u00een Bucure\u015fti unde \u00ee\u0163i continu\u0103 munca de crea\u0163ie \u015fi sus\u0163ine concerte pentru r\u0103ni\u0163ii din spitale. Dup\u0103 r\u0103zboi maestrul continu\u0103 seria turneelor at\u00e2t \u00een Europa, c\u00e2t \u015fi \u00een Statele Unite ale Americii \u015fi Canada. Peste Ocean a dirijat, \u00eencep\u00e2nd din 1923, orchestre prestigioase precum Philadelphia Orchestra, Boston Orchestra, Chicago Symphony, New York Orchestra.<\/p>\n<p style=\"text-align: justify;\"><img loading=\"lazy\" decoding=\"async\" class=\"size-full wp-image-1547 alignleft\" src=\"http:\/\/www.romaniancommunity.net\/rci\/wp-content\/uploads\/2015\/05\/enescu005.jpg\" alt=\"enescu005\" width=\"300\" height=\"211\" \/>\u00a0\u00a0\u00a0\u00a0 Recunoa\u015fterea \u015fi prestigiul interna\u0163ional l-au recomandat pe George Enescu s\u0103 sus\u0163in\u0103 cursuri de interpretare muzical\u0103, stilistic\u0103, forme muzicale \u015fi cursuri de compozi\u0163ie la universit\u0103\u0163i de renume din Fran\u0163a, S.U.A, Anglia, Italia. Activitatea sa de pedagog cap\u0103t\u0103 de asemenea o importan\u0163\u0103 considerabil\u0103. Printre elevii s\u0103i se num\u0103r\u0103 violoni\u015ftii Christian Ferras, Ivry Gitlis, Arthur Grumiaux \u015fi Yehudi Menuhin.<\/p>\n<p style=\"text-align: justify;\">\u00cen timpul celui de-al doilea r\u0103zboi mondial Enescu r\u0103m\u00e2ne \u00een Bucure\u015fti, unde se remarc\u0103 printr-o activitate dirijoral\u0103 intens\u0103, \u00eencuraj\u00e2nd totodat\u0103 \u015fi crea\u0163iile unor muzicieni rom\u00e2ni ca Mihail Jora, Constantin Silvestri, Ionel Perlea, Theodor Rogalski, Sabin Dr\u0103goi.<\/p>\n<p style=\"text-align: justify;\">\u00cen 1946 \u00eentreprinde un turneu \u00een URSS unde intr\u0103 \u00een contact cu personalit\u0103\u0163i de prim\u0103 m\u00e2n\u0103 ale muzicii ruse: Dmitri \u015eostakovici, Aram Haciaturian, Kiril Kondra\u015fin, David Oistrah, Lev Oborin. \u00cen acelasi an prime\u015fte la Bucure\u015fti vizita lui Yehudi Menuhin.<\/p>\n<p style=\"text-align: justify;\">\u00cen perioada ce a urmat celui de-al doilea r\u0103zboi mondial, dup\u0103 instaurarea dictaturii comuniste \u00een Rom\u00e2nia, George Enescu a p\u0103r\u0103sit definitiv \u0163ara \u015fi a locuit la Paris, unde s-a stins din via\u0163\u0103 \u00een ziua de \u00a04 mai 1955. A fost \u00eenmorm\u00e2ntat \u00een cimitirul Pere Lachaise din Paris.<\/p>\n<p style=\"text-align: justify;\">Printre distinc\u0163iile primite \u00een semn de pre\u0163uire \u015fi recunoa\u015ftere amintim: Ofi\u0163er \u015fi Cavaler al <em>Legiunii de Onoare<\/em> a Fran\u0163ei, Membru de onoare \u015fi Membru activ al <em>Academiei Rom\u00e2ne<\/em>, Membru corespondent la <em>Academie des Beaux Arts<\/em><i> <\/i>din Paris, <em>Accademia Nazionale di Santa Cecilia<\/em> din Roma, <em>Institut de France<\/em> din Paris \u015fi <em>Academia de Arte \u015fi \u015etiin\u0163e<\/em><i> <\/i>din Praga.<\/p>\n<p style=\"text-align: justify;\"><img loading=\"lazy\" decoding=\"async\" class=\"alignright size-full wp-image-1548\" src=\"http:\/\/www.romaniancommunity.net\/rci\/wp-content\/uploads\/2015\/05\/enescu004.jpg\" alt=\"enescu004\" width=\"300\" height=\"157\" \/>\u00a0\u00a0\u00a0\u00a0 Compozitorul, dirijorul, violonistul, pianistul \u015fi profesorul George Enescu r\u0103m\u00e2ne \u00een istorie drept unul dintre cei mai de seam\u0103 oameni de cultur\u0103 ai secolului XX, dar poate cea mai puternic\u0103 caracterizare a maestrului vine de la discipolul s\u0103u de suflet, Sir Yehudi Menuhin, unul dintre cei mai prestigio\u015fi muzicieni ai secolului: &#8220;Pentru mine, Enescu va r\u0103m\u00e2ne una din veritabilele minuni ale lumii. (&#8230;) R\u0103d\u0103cinile puternice \u015fi noble\u0163ea sufletului s\u0103u sunt provenite din propria lui \u0163ar\u0103, o \u0163ar\u0103 de inegalat\u0103 frumuse\u0163e.&#8221;<\/p>\n<p style=\"text-align: justify;\">\u00cen ultimii 20 de ani se observ\u0103 un puternic reviriment al operei sale, prin mont\u0103ri \u00een mai multe \u021b\u0103ri ale lumii, printre care Italia, Germania, Austria, Marea Britanie, S.U.A, Portugalia. Rom\u00e2nia cinste\u015fte memoria marelui muzician rom\u00e2n prin sus\u0163inerea\u00a0 \u00a0a Festivalului Interna\u0163ional \u201eGeorge Enescu\u201d la Bucure\u015fti, festival care se desf\u0103soar\u0103 sub \u00eenaltul patronaj al Pre\u015fedintelui Rom\u00e2niei \u015fi se bucur\u0103 de un succes imens, dar \u015fi prin diferite simpozioane desf\u0103\u015furate \u00een \u0163ar\u0103\u00a0\u015fi \u00een str\u0103in\u0103tate, expozi\u0163ii, concerte \u015fi publica\u0163ii.<\/p>\n<p><em>\u00a0Articol editat de George Br\u0103tulescu \u2013 membru voluntar al Romanian Community of Ireland<\/em><\/p>\n<p>Bibliografie:<br \/>\n<a href=\"http:\/\/www.georgeenescu.ro\/\" target=\"_blank\">www.georgeenescu.ro<br \/>\n<\/a><a href=\"http:\/\/www.festivalenescu.ro\/\" target=\"_blank\">www.festivalenescu.ro<br \/>\n<\/a><a href=\"http:\/\/www.wikipedia.org\/\" target=\"_blank\">www.wikipedia.org<\/a><\/p>\n","protected":false},"excerpt":{"rendered":"<p>GEORGE ENESCU \u2013 Un geniu. Un om liber. Un spirit modern. Un om cald \u0219i generos. Un b\u0103rbat de cuv\u00e2nt. Un caracter. Primul compozitor rom\u00e2n care a intrat \u00een patrimoniul [&hellip;]<\/p>\n","protected":false},"author":7,"featured_media":1550,"comment_status":"closed","ping_status":"closed","sticky":false,"template":"","format":"standard","meta":{"footnotes":""},"categories":[7],"tags":[13],"class_list":["post-1544","post","type-post","status-publish","format-standard","has-post-thumbnail","hentry","category-personalitati-romane-celebre-in-lume","tag-george-eenescu"],"yoast_head":"<!-- This site is optimized with the Yoast SEO plugin v27.4 - https:\/\/yoast.com\/product\/yoast-seo-wordpress\/ -->\n<title>George Enescu - Romanian Community of Ireland<\/title>\n<meta name=\"description\" content=\"GEORGE ENESCU \u2013 Un geniu. Un om liber. Un spirit modern. Un om cald \u0219i generos. Un b\u0103rbat de cuv\u00e2nt. Un caracter. Primul compozitor rom\u00e2n care a intrat\" \/>\n<meta name=\"robots\" content=\"index, follow, max-snippet:-1, max-image-preview:large, max-video-preview:-1\" \/>\n<link rel=\"canonical\" href=\"http:\/\/www.romaniancommunity.net\/rci\/george-eenescu\/\" \/>\n<meta property=\"og:locale\" content=\"en_US\" \/>\n<meta property=\"og:type\" content=\"article\" \/>\n<meta property=\"og:title\" content=\"George Enescu - Romanian Community of Ireland\" \/>\n<meta property=\"og:description\" content=\"GEORGE ENESCU \u2013 Un geniu. Un om liber. Un spirit modern. Un om cald \u0219i generos. Un b\u0103rbat de cuv\u00e2nt. Un caracter. Primul compozitor rom\u00e2n care a intrat\" \/>\n<meta property=\"og:url\" content=\"http:\/\/www.romaniancommunity.net\/rci\/george-eenescu\/\" \/>\n<meta property=\"og:site_name\" content=\"Romanian Community of Ireland\" \/>\n<meta property=\"article:publisher\" content=\"https:\/\/www.facebook.com\/RomanianCommunityOfIreland\/\" \/>\n<meta property=\"article:published_time\" content=\"2015-05-04T11:15:40+00:00\" \/>\n<meta property=\"article:modified_time\" content=\"2016-09-05T15:57:27+00:00\" \/>\n<meta property=\"og:image\" content=\"http:\/\/www.romaniancommunity.net\/rci\/wp-content\/uploads\/2015\/05\/enescu001.jpg\" \/>\n\t<meta property=\"og:image:width\" content=\"234\" \/>\n\t<meta property=\"og:image:height\" content=\"318\" \/>\n\t<meta property=\"og:image:type\" content=\"image\/jpeg\" \/>\n<meta name=\"author\" content=\"Anca Lupu\" \/>\n<meta name=\"twitter:card\" content=\"summary_large_image\" \/>\n<meta name=\"twitter:label1\" content=\"Written by\" \/>\n\t<meta name=\"twitter:data1\" content=\"Anca Lupu\" \/>\n\t<meta name=\"twitter:label2\" content=\"Est. reading time\" \/>\n\t<meta name=\"twitter:data2\" content=\"6 minutes\" \/>\n<script type=\"application\/ld+json\" class=\"yoast-schema-graph\">{\"@context\":\"https:\\\/\\\/schema.org\",\"@graph\":[{\"@type\":\"Article\",\"@id\":\"http:\\\/\\\/www.romaniancommunity.net\\\/rci\\\/george-eenescu\\\/#article\",\"isPartOf\":{\"@id\":\"http:\\\/\\\/www.romaniancommunity.net\\\/rci\\\/george-eenescu\\\/\"},\"author\":{\"name\":\"Anca Lupu\",\"@id\":\"http:\\\/\\\/www.romaniancommunity.net\\\/rci\\\/#\\\/schema\\\/person\\\/8d42ff1fbc9520cc8a727cafad2c1cc7\"},\"headline\":\"George Enescu\",\"datePublished\":\"2015-05-04T11:15:40+00:00\",\"dateModified\":\"2016-09-05T15:57:27+00:00\",\"mainEntityOfPage\":{\"@id\":\"http:\\\/\\\/www.romaniancommunity.net\\\/rci\\\/george-eenescu\\\/\"},\"wordCount\":1147,\"image\":{\"@id\":\"http:\\\/\\\/www.romaniancommunity.net\\\/rci\\\/george-eenescu\\\/#primaryimage\"},\"thumbnailUrl\":\"http:\\\/\\\/www.romaniancommunity.net\\\/rci\\\/wp-content\\\/uploads\\\/2015\\\/05\\\/enescu001.jpg\",\"keywords\":[\"George Eenescu\"],\"articleSection\":[\"Personalit\u0103\u0163i rom\u00e2ne celebre \u00een lume\"],\"inLanguage\":\"en-US\"},{\"@type\":\"WebPage\",\"@id\":\"http:\\\/\\\/www.romaniancommunity.net\\\/rci\\\/george-eenescu\\\/\",\"url\":\"http:\\\/\\\/www.romaniancommunity.net\\\/rci\\\/george-eenescu\\\/\",\"name\":\"George Enescu - Romanian Community of Ireland\",\"isPartOf\":{\"@id\":\"http:\\\/\\\/www.romaniancommunity.net\\\/rci\\\/#website\"},\"primaryImageOfPage\":{\"@id\":\"http:\\\/\\\/www.romaniancommunity.net\\\/rci\\\/george-eenescu\\\/#primaryimage\"},\"image\":{\"@id\":\"http:\\\/\\\/www.romaniancommunity.net\\\/rci\\\/george-eenescu\\\/#primaryimage\"},\"thumbnailUrl\":\"http:\\\/\\\/www.romaniancommunity.net\\\/rci\\\/wp-content\\\/uploads\\\/2015\\\/05\\\/enescu001.jpg\",\"datePublished\":\"2015-05-04T11:15:40+00:00\",\"dateModified\":\"2016-09-05T15:57:27+00:00\",\"author\":{\"@id\":\"http:\\\/\\\/www.romaniancommunity.net\\\/rci\\\/#\\\/schema\\\/person\\\/8d42ff1fbc9520cc8a727cafad2c1cc7\"},\"description\":\"GEORGE ENESCU \u2013 Un geniu. Un om liber. Un spirit modern. Un om cald \u0219i generos. Un b\u0103rbat de cuv\u00e2nt. Un caracter. Primul compozitor rom\u00e2n care a intrat\",\"breadcrumb\":{\"@id\":\"http:\\\/\\\/www.romaniancommunity.net\\\/rci\\\/george-eenescu\\\/#breadcrumb\"},\"inLanguage\":\"en-US\",\"potentialAction\":[{\"@type\":\"ReadAction\",\"target\":[\"http:\\\/\\\/www.romaniancommunity.net\\\/rci\\\/george-eenescu\\\/\"]}]},{\"@type\":\"ImageObject\",\"inLanguage\":\"en-US\",\"@id\":\"http:\\\/\\\/www.romaniancommunity.net\\\/rci\\\/george-eenescu\\\/#primaryimage\",\"url\":\"http:\\\/\\\/www.romaniancommunity.net\\\/rci\\\/wp-content\\\/uploads\\\/2015\\\/05\\\/enescu001.jpg\",\"contentUrl\":\"http:\\\/\\\/www.romaniancommunity.net\\\/rci\\\/wp-content\\\/uploads\\\/2015\\\/05\\\/enescu001.jpg\",\"width\":234,\"height\":318,\"caption\":\"George Enescu\"},{\"@type\":\"BreadcrumbList\",\"@id\":\"http:\\\/\\\/www.romaniancommunity.net\\\/rci\\\/george-eenescu\\\/#breadcrumb\",\"itemListElement\":[{\"@type\":\"ListItem\",\"position\":1,\"name\":\"Home\",\"item\":\"http:\\\/\\\/www.romaniancommunity.net\\\/rci\\\/\"},{\"@type\":\"ListItem\",\"position\":2,\"name\":\"George Enescu\"}]},{\"@type\":\"WebSite\",\"@id\":\"http:\\\/\\\/www.romaniancommunity.net\\\/rci\\\/#website\",\"url\":\"http:\\\/\\\/www.romaniancommunity.net\\\/rci\\\/\",\"name\":\"Romanian Community of Ireland\",\"description\":\"Comunitatea Rom\u00e2nilor din Irlanda\",\"potentialAction\":[{\"@type\":\"SearchAction\",\"target\":{\"@type\":\"EntryPoint\",\"urlTemplate\":\"http:\\\/\\\/www.romaniancommunity.net\\\/rci\\\/?s={search_term_string}\"},\"query-input\":{\"@type\":\"PropertyValueSpecification\",\"valueRequired\":true,\"valueName\":\"search_term_string\"}}],\"inLanguage\":\"en-US\"},{\"@type\":\"Person\",\"@id\":\"http:\\\/\\\/www.romaniancommunity.net\\\/rci\\\/#\\\/schema\\\/person\\\/8d42ff1fbc9520cc8a727cafad2c1cc7\",\"name\":\"Anca Lupu\",\"image\":{\"@type\":\"ImageObject\",\"inLanguage\":\"en-US\",\"@id\":\"https:\\\/\\\/secure.gravatar.com\\\/avatar\\\/ad9921ccc656c6d829e2261411c42ae9e1d223ec926160ce5055394649ebe98e?s=96&d=mm&r=g\",\"url\":\"https:\\\/\\\/secure.gravatar.com\\\/avatar\\\/ad9921ccc656c6d829e2261411c42ae9e1d223ec926160ce5055394649ebe98e?s=96&d=mm&r=g\",\"contentUrl\":\"https:\\\/\\\/secure.gravatar.com\\\/avatar\\\/ad9921ccc656c6d829e2261411c42ae9e1d223ec926160ce5055394649ebe98e?s=96&d=mm&r=g\",\"caption\":\"Anca Lupu\"},\"url\":\"http:\\\/\\\/www.romaniancommunity.net\\\/rci\\\/author\\\/anca\\\/\"}]}<\/script>\n<!-- \/ Yoast SEO plugin. -->","yoast_head_json":{"title":"George Enescu - Romanian Community of Ireland","description":"GEORGE ENESCU \u2013 Un geniu. Un om liber. Un spirit modern. Un om cald \u0219i generos. Un b\u0103rbat de cuv\u00e2nt. Un caracter. Primul compozitor rom\u00e2n care a intrat","robots":{"index":"index","follow":"follow","max-snippet":"max-snippet:-1","max-image-preview":"max-image-preview:large","max-video-preview":"max-video-preview:-1"},"canonical":"http:\/\/www.romaniancommunity.net\/rci\/george-eenescu\/","og_locale":"en_US","og_type":"article","og_title":"George Enescu - Romanian Community of Ireland","og_description":"GEORGE ENESCU \u2013 Un geniu. Un om liber. Un spirit modern. Un om cald \u0219i generos. Un b\u0103rbat de cuv\u00e2nt. Un caracter. Primul compozitor rom\u00e2n care a intrat","og_url":"http:\/\/www.romaniancommunity.net\/rci\/george-eenescu\/","og_site_name":"Romanian Community of Ireland","article_publisher":"https:\/\/www.facebook.com\/RomanianCommunityOfIreland\/","article_published_time":"2015-05-04T11:15:40+00:00","article_modified_time":"2016-09-05T15:57:27+00:00","og_image":[{"width":234,"height":318,"url":"http:\/\/www.romaniancommunity.net\/rci\/wp-content\/uploads\/2015\/05\/enescu001.jpg","type":"image\/jpeg"}],"author":"Anca Lupu","twitter_card":"summary_large_image","twitter_misc":{"Written by":"Anca Lupu","Est. reading time":"6 minutes"},"schema":{"@context":"https:\/\/schema.org","@graph":[{"@type":"Article","@id":"http:\/\/www.romaniancommunity.net\/rci\/george-eenescu\/#article","isPartOf":{"@id":"http:\/\/www.romaniancommunity.net\/rci\/george-eenescu\/"},"author":{"name":"Anca Lupu","@id":"http:\/\/www.romaniancommunity.net\/rci\/#\/schema\/person\/8d42ff1fbc9520cc8a727cafad2c1cc7"},"headline":"George Enescu","datePublished":"2015-05-04T11:15:40+00:00","dateModified":"2016-09-05T15:57:27+00:00","mainEntityOfPage":{"@id":"http:\/\/www.romaniancommunity.net\/rci\/george-eenescu\/"},"wordCount":1147,"image":{"@id":"http:\/\/www.romaniancommunity.net\/rci\/george-eenescu\/#primaryimage"},"thumbnailUrl":"http:\/\/www.romaniancommunity.net\/rci\/wp-content\/uploads\/2015\/05\/enescu001.jpg","keywords":["George Eenescu"],"articleSection":["Personalit\u0103\u0163i rom\u00e2ne celebre \u00een lume"],"inLanguage":"en-US"},{"@type":"WebPage","@id":"http:\/\/www.romaniancommunity.net\/rci\/george-eenescu\/","url":"http:\/\/www.romaniancommunity.net\/rci\/george-eenescu\/","name":"George Enescu - Romanian Community of Ireland","isPartOf":{"@id":"http:\/\/www.romaniancommunity.net\/rci\/#website"},"primaryImageOfPage":{"@id":"http:\/\/www.romaniancommunity.net\/rci\/george-eenescu\/#primaryimage"},"image":{"@id":"http:\/\/www.romaniancommunity.net\/rci\/george-eenescu\/#primaryimage"},"thumbnailUrl":"http:\/\/www.romaniancommunity.net\/rci\/wp-content\/uploads\/2015\/05\/enescu001.jpg","datePublished":"2015-05-04T11:15:40+00:00","dateModified":"2016-09-05T15:57:27+00:00","author":{"@id":"http:\/\/www.romaniancommunity.net\/rci\/#\/schema\/person\/8d42ff1fbc9520cc8a727cafad2c1cc7"},"description":"GEORGE ENESCU \u2013 Un geniu. Un om liber. Un spirit modern. Un om cald \u0219i generos. Un b\u0103rbat de cuv\u00e2nt. Un caracter. Primul compozitor rom\u00e2n care a intrat","breadcrumb":{"@id":"http:\/\/www.romaniancommunity.net\/rci\/george-eenescu\/#breadcrumb"},"inLanguage":"en-US","potentialAction":[{"@type":"ReadAction","target":["http:\/\/www.romaniancommunity.net\/rci\/george-eenescu\/"]}]},{"@type":"ImageObject","inLanguage":"en-US","@id":"http:\/\/www.romaniancommunity.net\/rci\/george-eenescu\/#primaryimage","url":"http:\/\/www.romaniancommunity.net\/rci\/wp-content\/uploads\/2015\/05\/enescu001.jpg","contentUrl":"http:\/\/www.romaniancommunity.net\/rci\/wp-content\/uploads\/2015\/05\/enescu001.jpg","width":234,"height":318,"caption":"George Enescu"},{"@type":"BreadcrumbList","@id":"http:\/\/www.romaniancommunity.net\/rci\/george-eenescu\/#breadcrumb","itemListElement":[{"@type":"ListItem","position":1,"name":"Home","item":"http:\/\/www.romaniancommunity.net\/rci\/"},{"@type":"ListItem","position":2,"name":"George Enescu"}]},{"@type":"WebSite","@id":"http:\/\/www.romaniancommunity.net\/rci\/#website","url":"http:\/\/www.romaniancommunity.net\/rci\/","name":"Romanian Community of Ireland","description":"Comunitatea Rom\u00e2nilor din Irlanda","potentialAction":[{"@type":"SearchAction","target":{"@type":"EntryPoint","urlTemplate":"http:\/\/www.romaniancommunity.net\/rci\/?s={search_term_string}"},"query-input":{"@type":"PropertyValueSpecification","valueRequired":true,"valueName":"search_term_string"}}],"inLanguage":"en-US"},{"@type":"Person","@id":"http:\/\/www.romaniancommunity.net\/rci\/#\/schema\/person\/8d42ff1fbc9520cc8a727cafad2c1cc7","name":"Anca Lupu","image":{"@type":"ImageObject","inLanguage":"en-US","@id":"https:\/\/secure.gravatar.com\/avatar\/ad9921ccc656c6d829e2261411c42ae9e1d223ec926160ce5055394649ebe98e?s=96&d=mm&r=g","url":"https:\/\/secure.gravatar.com\/avatar\/ad9921ccc656c6d829e2261411c42ae9e1d223ec926160ce5055394649ebe98e?s=96&d=mm&r=g","contentUrl":"https:\/\/secure.gravatar.com\/avatar\/ad9921ccc656c6d829e2261411c42ae9e1d223ec926160ce5055394649ebe98e?s=96&d=mm&r=g","caption":"Anca Lupu"},"url":"http:\/\/www.romaniancommunity.net\/rci\/author\/anca\/"}]}},"_links":{"self":[{"href":"http:\/\/www.romaniancommunity.net\/rci\/wp-json\/wp\/v2\/posts\/1544","targetHints":{"allow":["GET"]}}],"collection":[{"href":"http:\/\/www.romaniancommunity.net\/rci\/wp-json\/wp\/v2\/posts"}],"about":[{"href":"http:\/\/www.romaniancommunity.net\/rci\/wp-json\/wp\/v2\/types\/post"}],"author":[{"embeddable":true,"href":"http:\/\/www.romaniancommunity.net\/rci\/wp-json\/wp\/v2\/users\/7"}],"replies":[{"embeddable":true,"href":"http:\/\/www.romaniancommunity.net\/rci\/wp-json\/wp\/v2\/comments?post=1544"}],"version-history":[{"count":7,"href":"http:\/\/www.romaniancommunity.net\/rci\/wp-json\/wp\/v2\/posts\/1544\/revisions"}],"predecessor-version":[{"id":2698,"href":"http:\/\/www.romaniancommunity.net\/rci\/wp-json\/wp\/v2\/posts\/1544\/revisions\/2698"}],"wp:featuredmedia":[{"embeddable":true,"href":"http:\/\/www.romaniancommunity.net\/rci\/wp-json\/wp\/v2\/media\/1550"}],"wp:attachment":[{"href":"http:\/\/www.romaniancommunity.net\/rci\/wp-json\/wp\/v2\/media?parent=1544"}],"wp:term":[{"taxonomy":"category","embeddable":true,"href":"http:\/\/www.romaniancommunity.net\/rci\/wp-json\/wp\/v2\/categories?post=1544"},{"taxonomy":"post_tag","embeddable":true,"href":"http:\/\/www.romaniancommunity.net\/rci\/wp-json\/wp\/v2\/tags?post=1544"}],"curies":[{"name":"wp","href":"https:\/\/api.w.org\/{rel}","templated":true}]}}