{"id":1458,"date":"2014-12-01T07:18:48","date_gmt":"2014-12-01T07:18:48","guid":{"rendered":"http:\/\/www.romaniancommunity.net\/rci\/?p=1458"},"modified":"2016-09-05T15:21:09","modified_gmt":"2016-09-05T15:21:09","slug":"ziua-nationala-a-romaniei","status":"publish","type":"post","link":"http:\/\/www.romaniancommunity.net\/rci\/ziua-nationala-a-romaniei\/","title":{"rendered":"Ziua na\u0163ional\u0103 a Rom\u00e2niei"},"content":{"rendered":"<h3 style=\"text-align: justify;\">Anul 1918 \u2013 Marea Unire \u015fi f\u0103urirea Rom\u00e2niei Mari<\/h3>\n<p style=\"text-align: justify;\"><img loading=\"lazy\" decoding=\"async\" class=\"alignleft size-medium wp-image-1464\" src=\"http:\/\/www.romaniancommunity.net\/rci\/wp-content\/uploads\/2015\/07\/1Dec-300x132.jpg\" alt=\"1Dec\" width=\"300\" height=\"132\" srcset=\"http:\/\/www.romaniancommunity.net\/rci\/wp-content\/uploads\/2015\/07\/1Dec-300x132.jpg 300w, http:\/\/www.romaniancommunity.net\/rci\/wp-content\/uploads\/2015\/07\/1Dec.jpg 338w\" sizes=\"auto, (max-width: 300px) 100vw, 300px\" \/>Constituirea Rom\u00e2niei Mari prin unirea Basarabiei, Bucovinei \u015fi Transilvaniei, Cri\u0219anei, Banatului, Maramure\u0219ului cu Vechiul Regat a fost un vis \u00eemplinit al rom\u00e2nilor din vechile teritorii rom\u00e2ne\u0219ti \u0219i a putut fi \u00eenf\u0103ptuit\u0103 \u00een condi\u0163iile favorabile create de sf\u00e2r\u015fitul Primului R\u0103zboi Mondial, c\u00e2nd Imperiul \u0162arist \u015fi cel Austro-Ungar disp\u0103reau de pe harta Europei. Consiliul Comisarilor Poporului condus de V.I. Lenin adopt\u0103 \u201eDeclara\u021bia drepturilor popoarelor din Rusia\u201d care recuno\u0219tea dreptul acestora la autodeterminare, astfel ca o parte din teritoriile ocupate de Imperiul Rus \u00ee\u0219i proclam\u0103 independen\u021ba.<\/p>\n<p style=\"text-align: justify;\">Trebuie amintit faptul c\u0103 Vechiul Regat a luat na\u0219tere ca un act de voin\u021b\u0103 politic\u0103 a celor dou\u0103 principate rom\u00e2ne\u0219ti, Moldova \u0219i \u021aara Rom\u00e2neasc\u0103, la data de 24 ianuarie 1859 \u0219i reprezenta prima etapa \u00een crearea statului rom\u00e2n modern. Acest lucru a fost posibil cu acordul Marilor Puteri, dar \u0219i cu sprijinul declarat al \u00eemp\u0103ratului Napoleon III care dorea s\u0103 existe un bastion profrancez \u00een estul Europei pentru contracararea influen\u021bei Rusiei. Astfel prin Conven\u021bia de la Paris se consfinte\u0219te unirea celor dou\u0103 principate, mai degrab\u0103 par\u021bial\u0103\u00a0\u0219i formal\u0103, \u00eentr-un stat cu numele Principatele Unite. Alegerea aceluia\u0219i domnitor \u00een ambele principate \u00een persoana lui Alexandru Ioan Cuza, lucru neagreat de puterile semnatare ale conven\u021biei, genereaz\u0103 controverse politice \u0219i am\u00e2n\u0103 c\u0103\u021biva ani recunoa\u0219terea unirii de c\u0103tre marile puteri. \u00cens\u0103 aducerea pe tron a principelui Carol de Hohenzollern-Sigmaringen \u00een 1866, agreat at\u00e2t de Fran\u021ba, c\u00e2t \u0219i de Rusia, face ca acest act s\u0103 devin\u0103 ireversibil, iar principatele iau denumirea de Rom\u00e2nia. Astfel se creeaz\u0103 fundamentul viitoarei Rom\u00e2niei Mari ce ia na\u0219tere la 1 decembrie 1918.<\/p>\n<p style=\"text-align: justify;\"><img loading=\"lazy\" decoding=\"async\" class=\"alignleft wp-image-1465\" src=\"http:\/\/www.romaniancommunity.net\/rci\/wp-content\/uploads\/2015\/07\/1Dec1918_02.jpg\" alt=\"1Dec1918_02\" width=\"280\" height=\"225\" srcset=\"http:\/\/www.romaniancommunity.net\/rci\/wp-content\/uploads\/2015\/07\/1Dec1918_02.jpg 400w, http:\/\/www.romaniancommunity.net\/rci\/wp-content\/uploads\/2015\/07\/1Dec1918_02-300x240.jpg 300w\" sizes=\"auto, (max-width: 280px) 100vw, 280px\" \/>Prima provincie rom\u00e2neasc\u0103 care s-a unit cu Rom\u00e2nia a fost Basarabia. Dup\u0103 Revolu\u021bia Rus\u0103 din februarie 1917, noul guvern a proclamat drepturi \u0219i libert\u0103\u021bi cet\u0103\u021bene\u0219ti. Rom\u00e2nii din Basarabia au \u00eenceput s\u0103 lupte pentru drepturile na\u021bionale. \u00cen 1917 s-a constituit Partidul Na\u0163ional Moldovenesc, care va coordona mi\u015fcarea de eliberare a Basarabiei. \u00cen acela\u0219i an a fost aleas\u0103 o adunare reprezentativ\u0103 a Basarabiei numit\u0103 Sfatul \u0162\u0103rii, condus\u0103 de Ion Incule\u0163. Realizarea deplin\u0103 a autonomiei se \u00eenf\u0103ptuia prin proclamarea Republicii Democratice Moldovene\u015fti (decembrie 1917), membr\u0103 cu drepturi depline \u00een interiorul Rusiei.<\/p>\n<p style=\"text-align: justify;\">Situa\u0163ia se agraveaz\u0103 odat\u0103 cu lovitura de stat bol\u015fevic\u0103, urmat\u0103 de destr\u0103marea armatei ruse. Pentru a se pune cap\u0103t anarhiei \u015fi dezordinii provocate de solda\u0163ii ru\u015fi \u00een retragere, se cere sprijinul armatei rom\u00e2ne. Aceasta va restabili ordinea \u015fi prestigiul Sfatului \u0162\u0103rii, ceea ce va determina guvernul Rusiei Sovietice s\u0103 \u00eentrerup\u0103 rela\u0163iile diplomatice cu Rom\u00e2nia.<\/p>\n<p style=\"text-align: justify;\">\u00cen fa\u0163a amenin\u0163\u0103rilor Rusiei \u015fi Ucrainei, Basarabia \u00ee\u015fi proclam\u0103 independen\u0163a (4 februarie 1918), iar la 27 martie 1918, Sfatul \u0162\u0103rii, care cuprindea reprezentan\u0163i ai tuturor na\u0163ionalit\u0103\u0163ilor, a adoptat cu majoritate de voturi hot\u0103r\u00e2rea Basarabiei de a se uni cu Rom\u00e2nia.<br \/>\n\u00cen timpul primului r\u0103zboi mondial, Bucovina a fost teatru de r\u0103zboi, numero\u015fi tineri fiind \u00eenrola\u0163i \u00een armata austro-ungar\u0103. \u00cen toamna anului 1918 Austro-Ungaria era pe punctul de a pierde r\u0103zboiul. Popoarele asuprite din imperiu \u00eencepeau s\u0103 revendice dreptul la autodeterminare na\u021bional\u0103. \u00cencep\u00e2nd din toamna aceluia\u0219i an, situa\u021bia Bucovinei s-a \u00eenr\u0103ut\u0103\u0163it. \u00cen contextul reorganiz\u0103rii Imperiului pe baze federative, autorit\u0103\u0163ile habsburgice vehiculau teza anex\u0103rii Bucovinei la Gali\u0163ia. De asemenea, Ucraina ridica preten\u0163ii de st\u0103p\u00e2nire asupra provinciei, amenin\u0163\u00e2nd cu interven\u0163ia militar\u0103. \u00cen octombrie 1918, la ini\u0163iativa lui Sextil Pu\u015fcariu \u015fi Iancu Flondor, a fost convocat\u0103 la Cern\u0103u\u0163i o adunare a reprezentan\u0163ilor popula\u0163iei rom\u00e2ne\u015fti, care a ales Comitetul Na\u0163ional Rom\u00e2n. Ca lider politic al acestuia a fost ales Iancu Flondor. Acesta afirma printr-o mo\u021biune c\u0103 Bucovina este parte organic\u0103 a Moldovei. Amenin\u0163area ucrainean\u0103 l-a deterrninat pe acesta s\u0103 cear\u0103 sprijinul armatei rom\u00e2ne. La 28 noiembrie 1918, Congresul General al Bucovinei, format din reprezentan\u0163i ai rom\u00e2nilor, polonezilor, germanilor \u015fi rutenilor, voteaz\u0103 unirea cu Regatul Rom\u00e2niei. Austria recunoa\u015fte unirea Rom\u00e2niei cu Bucovina prin tratatul de la Saint-Germain.<\/p>\n<p style=\"text-align: justify;\"><img loading=\"lazy\" decoding=\"async\" class=\"alignleft wp-image-1467\" src=\"http:\/\/www.romaniancommunity.net\/rci\/wp-content\/uploads\/2015\/07\/1Dec1918.jpg\" alt=\"1Dec1918\" width=\"320\" height=\"226\" srcset=\"http:\/\/www.romaniancommunity.net\/rci\/wp-content\/uploads\/2015\/07\/1Dec1918.jpg 400w, http:\/\/www.romaniancommunity.net\/rci\/wp-content\/uploads\/2015\/07\/1Dec1918-300x211.jpg 300w\" sizes=\"auto, (max-width: 320px) 100vw, 320px\" \/>\u00cen ceea ce prive\u015fte Transilvania, Cri\u0219ana, Banat \u0219i Maramure\u0219 \u00eenc\u0103 de la \u00eenceputul Primului R\u0103zboi Mondial s-au diversi\ufb01cat mijloacele de lupt\u0103 ale rom\u00e2nilor pentru unirea cu \u0163ara, activitate coordonat\u0103 de Partidul Na\u0163ional Rom\u00e2n (P.N.R.). \u00cen toamna anului 1918, \u00een condi\u0163iile \u00eenfr\u00e2ngerii Puterilor Centrale \u015fi pr\u0103bu\u015firii Austro-Ungariei, mi\u015fcarea na\u0163ional\u0103 a rom\u00e2nilor din Transilvania s-a amplificat. P.N.R. proclam\u0103 la Oradea independen\u0163a na\u0163ional\u0103 a rom\u00e2nilor din cadrul Dublei Monarhii, iar la 12 noiembrie 1918 se formeaz\u0103 Consiliul Na\u0163ional Rom\u00e2n Central (C.N.R.C.), cu sediul la Arad, av\u00e2nd rolul de a coordona, ca organ unic, mi\u015fcarea na\u0163ional\u0103 a rom\u00e2nilor transilv\u0103neni. Dup\u0103 modelul acestuia, s-au constituit consilii \u015fi g\u0103rzi locale \u00een Transilvania.<\/p>\n<p style=\"text-align: justify;\">Acestea au preluat controlul politic \u015fi administrativ \u00een \u00eentreaga provincie, reu\u015find s\u0103 men\u0163in\u0103 ordinea \u00een Transilvania.<br \/>\nPentru a da expresie voin\u0163ei rom\u00e2nilor transilv\u0103neni, Consiliul Na\u021bional Rom\u00e2n Central decide convocarea unei mari adun\u0103ri pentru 1 decembrie 1918, la Alba Iulia, cunoscut\u0103 drept Proclama\u021bia de la Alba Iulia. Marea Adunare Na\u0163ional\u0103 se deschide sub pre\u015fedin\u0163ia lui Gheorghe Pop de B\u0103se\u015fti, \u00een prezen\u0163a a 1228 de delega\u0163i, a episcopului ortodox Miron Cristea, a episcopului greco-catolic Iuliu Hossu \u015fi a peste 100 000 de persoane. Vasile Goldi\u0219 cite\u0219te rezolu\u021bia Unirii: \u201e Adunarea na\u021bional\u0103 a tuturor rom\u00e2nilor din Transilvania, Banat \u0219i \u021aara Ungureasc\u0103, aduna\u021bi prin reprezentan\u021bii lor indrept\u0103\u021bi\u021bi la Alba Iulia \u00een ziua de 1 decembrie 1918, decreteaz\u0103 unirea acelori rom\u00e2ni \u0219i a tuturor teritoriilor locuite de d\u00e2nsii cu Rom\u00e2nia. Adunarea proclam\u0103 indeosebi dreptul inalienabil al na\u021biunii rom\u00e2ne la intreg Banatul, cuprins \u00eentre Mure\u0219, Tisa \u0219i Dun\u0103re\u201d. Se proclam\u0103 libertatea, egalitatea \u0219i autonomia pentru toate confesiunile religioase, libertatea presei, votul universal \u0219i reprezentare propor\u021bional\u0103 in parlament, precum \u0219i o reform\u0103 agrar\u0103 radical\u0103. A doua zi au fost alese organele provizorii ale puterii de stat Marele Sfat Na\u0163ional \u015fi Consiliul Dirigent, prezidat de Iuliu Maniu. Unirea a fost salutat\u0103 \u015fi recunoscut\u0103 de na\u0163ionalit\u0103\u0163ile din Transilvania. Ungaria recunoa\u015fte unirea prin Tratatul de la Trianon (1920).<\/p>\n<p style=\"text-align: justify;\">Marea Unire din 1918 \u00eencunun\u0103 aspira\u0163iile de veacuri ale rom\u00e2nilor de a tr\u0103i \u00eentr-un singur stat, \ufb01ind rodul luptei tuturor for\u0163elor \u015fi categoriilor sociale interne. Astfel, se des\u0103v\u00e2r\u015fea formarea Rom\u00e2niei Mari. Noul stat rom\u00e2nesc, av\u00e2nd o suprafa\u0163\u0103 de 295 049 km2 \u015fi o popula\u0163ie de 18 milioane de locuitori, va fi recunoscut pe plan intema\u0163ional prin tratatele de pace \u00eencheiate la Paris, \u00een anii 1919-1920.<\/p>\n<p style=\"text-align: justify;\"><b>Articol editat de George Br\u0103tulescu \u2013 voluntar Romanian Community of Ireland<\/b><\/p>\n<p style=\"text-align: justify;\">Bibliografie:<br \/>\nEnciclopedia Universal\u0103 Britanic\u0103<br \/>\n<a href=\"http:\/\/www.istoriiregasite.wordpress.com\" target=\"_blank\">www.istoriiregasite.wordpress.com<\/a><br \/>\n<a href=\"http:\/\/www.istoriacontemporana.info\" target=\"_blank\">www.istoriacontemporana.info<\/a><br \/>\n<a href=\"http:\/\/www.historia.ro\" target=\"_blank\">www.historia.ro<\/a><\/p>\n<p style=\"text-align: justify;\">&gt;<\/p>\n","protected":false},"excerpt":{"rendered":"<p>Anul 1918 \u2013 Marea Unire \u015fi f\u0103urirea Rom\u00e2niei Mari Constituirea Rom\u00e2niei Mari prin unirea Basarabiei, Bucovinei \u015fi Transilvaniei, Cri\u0219anei, Banatului, Maramure\u0219ului cu Vechiul Regat a fost un vis \u00eemplinit al [&hellip;]<\/p>\n","protected":false},"author":7,"featured_media":1467,"comment_status":"closed","ping_status":"closed","sticky":false,"template":"","format":"standard","meta":{"footnotes":""},"categories":[4],"tags":[],"class_list":["post-1458","post","type-post","status-publish","format-standard","has-post-thumbnail","hentry","category-istorie-si-traditii-romanesti"],"yoast_head":"<!-- This site is optimized with the Yoast SEO plugin v27.5 - https:\/\/yoast.com\/product\/yoast-seo-wordpress\/ -->\n<title>Marea Unire - Ziua na\u0163ional\u0103 a Rom\u00e2niei - Romanian Community of Ireland<\/title>\n<meta name=\"description\" content=\"Anul 1918 \u2013 Marea Unire \u015fi f\u0103urirea Rom\u00e2niei Mari. 1Dec - Constituirea Rom\u00e2niei Mari prin unirea Basarabiei, Bucovinei \u015fi Transilvaniei, Cri\u0219anei, Banatului\" \/>\n<meta name=\"robots\" content=\"index, follow, max-snippet:-1, max-image-preview:large, max-video-preview:-1\" \/>\n<link rel=\"canonical\" href=\"http:\/\/www.romaniancommunity.net\/rci\/ziua-nationala-a-romaniei\/\" \/>\n<meta property=\"og:locale\" content=\"en_US\" \/>\n<meta property=\"og:type\" content=\"article\" \/>\n<meta property=\"og:title\" content=\"Marea Unire - Ziua na\u0163ional\u0103 a Rom\u00e2niei - Romanian Community of Ireland\" \/>\n<meta property=\"og:description\" content=\"Anul 1918 \u2013 Marea Unire \u015fi f\u0103urirea Rom\u00e2niei Mari. 1Dec - Constituirea Rom\u00e2niei Mari prin unirea Basarabiei, Bucovinei \u015fi Transilvaniei, Cri\u0219anei, Banatului\" \/>\n<meta property=\"og:url\" content=\"http:\/\/www.romaniancommunity.net\/rci\/ziua-nationala-a-romaniei\/\" \/>\n<meta property=\"og:site_name\" content=\"Romanian Community of Ireland\" \/>\n<meta property=\"article:publisher\" content=\"https:\/\/www.facebook.com\/RomanianCommunityOfIreland\/\" \/>\n<meta property=\"article:published_time\" content=\"2014-12-01T07:18:48+00:00\" \/>\n<meta property=\"article:modified_time\" content=\"2016-09-05T15:21:09+00:00\" \/>\n<meta property=\"og:image\" content=\"http:\/\/www.romaniancommunity.net\/rci\/wp-content\/uploads\/2015\/07\/1Dec1918.jpg\" \/>\n\t<meta property=\"og:image:width\" content=\"400\" \/>\n\t<meta property=\"og:image:height\" content=\"282\" \/>\n\t<meta property=\"og:image:type\" content=\"image\/jpeg\" \/>\n<meta name=\"author\" content=\"Anca Lupu\" \/>\n<meta name=\"twitter:card\" content=\"summary_large_image\" \/>\n<meta name=\"twitter:label1\" content=\"Written by\" \/>\n\t<meta name=\"twitter:data1\" content=\"Anca Lupu\" \/>\n\t<meta name=\"twitter:label2\" content=\"Est. reading time\" \/>\n\t<meta name=\"twitter:data2\" content=\"6 minutes\" \/>\n<script type=\"application\/ld+json\" class=\"yoast-schema-graph\">{\"@context\":\"https:\\\/\\\/schema.org\",\"@graph\":[{\"@type\":\"Article\",\"@id\":\"http:\\\/\\\/www.romaniancommunity.net\\\/rci\\\/ziua-nationala-a-romaniei\\\/#article\",\"isPartOf\":{\"@id\":\"http:\\\/\\\/www.romaniancommunity.net\\\/rci\\\/ziua-nationala-a-romaniei\\\/\"},\"author\":{\"name\":\"Anca Lupu\",\"@id\":\"http:\\\/\\\/www.romaniancommunity.net\\\/rci\\\/#\\\/schema\\\/person\\\/8d42ff1fbc9520cc8a727cafad2c1cc7\"},\"headline\":\"Ziua na\u0163ional\u0103 a Rom\u00e2niei\",\"datePublished\":\"2014-12-01T07:18:48+00:00\",\"dateModified\":\"2016-09-05T15:21:09+00:00\",\"mainEntityOfPage\":{\"@id\":\"http:\\\/\\\/www.romaniancommunity.net\\\/rci\\\/ziua-nationala-a-romaniei\\\/\"},\"wordCount\":1183,\"image\":{\"@id\":\"http:\\\/\\\/www.romaniancommunity.net\\\/rci\\\/ziua-nationala-a-romaniei\\\/#primaryimage\"},\"thumbnailUrl\":\"http:\\\/\\\/www.romaniancommunity.net\\\/rci\\\/wp-content\\\/uploads\\\/2015\\\/07\\\/1Dec1918.jpg\",\"articleSection\":[\"Istorie \u015fi tradi\u0163ii rom\u00e2ne\u015fti\"],\"inLanguage\":\"en-US\"},{\"@type\":\"WebPage\",\"@id\":\"http:\\\/\\\/www.romaniancommunity.net\\\/rci\\\/ziua-nationala-a-romaniei\\\/\",\"url\":\"http:\\\/\\\/www.romaniancommunity.net\\\/rci\\\/ziua-nationala-a-romaniei\\\/\",\"name\":\"Marea Unire - Ziua na\u0163ional\u0103 a Rom\u00e2niei - Romanian Community of Ireland\",\"isPartOf\":{\"@id\":\"http:\\\/\\\/www.romaniancommunity.net\\\/rci\\\/#website\"},\"primaryImageOfPage\":{\"@id\":\"http:\\\/\\\/www.romaniancommunity.net\\\/rci\\\/ziua-nationala-a-romaniei\\\/#primaryimage\"},\"image\":{\"@id\":\"http:\\\/\\\/www.romaniancommunity.net\\\/rci\\\/ziua-nationala-a-romaniei\\\/#primaryimage\"},\"thumbnailUrl\":\"http:\\\/\\\/www.romaniancommunity.net\\\/rci\\\/wp-content\\\/uploads\\\/2015\\\/07\\\/1Dec1918.jpg\",\"datePublished\":\"2014-12-01T07:18:48+00:00\",\"dateModified\":\"2016-09-05T15:21:09+00:00\",\"author\":{\"@id\":\"http:\\\/\\\/www.romaniancommunity.net\\\/rci\\\/#\\\/schema\\\/person\\\/8d42ff1fbc9520cc8a727cafad2c1cc7\"},\"description\":\"Anul 1918 \u2013 Marea Unire \u015fi f\u0103urirea Rom\u00e2niei Mari. 1Dec - Constituirea Rom\u00e2niei Mari prin unirea Basarabiei, Bucovinei \u015fi Transilvaniei, Cri\u0219anei, Banatului\",\"breadcrumb\":{\"@id\":\"http:\\\/\\\/www.romaniancommunity.net\\\/rci\\\/ziua-nationala-a-romaniei\\\/#breadcrumb\"},\"inLanguage\":\"en-US\",\"potentialAction\":[{\"@type\":\"ReadAction\",\"target\":[\"http:\\\/\\\/www.romaniancommunity.net\\\/rci\\\/ziua-nationala-a-romaniei\\\/\"]}]},{\"@type\":\"ImageObject\",\"inLanguage\":\"en-US\",\"@id\":\"http:\\\/\\\/www.romaniancommunity.net\\\/rci\\\/ziua-nationala-a-romaniei\\\/#primaryimage\",\"url\":\"http:\\\/\\\/www.romaniancommunity.net\\\/rci\\\/wp-content\\\/uploads\\\/2015\\\/07\\\/1Dec1918.jpg\",\"contentUrl\":\"http:\\\/\\\/www.romaniancommunity.net\\\/rci\\\/wp-content\\\/uploads\\\/2015\\\/07\\\/1Dec1918.jpg\",\"width\":400,\"height\":282,\"caption\":\"Marea Unire\"},{\"@type\":\"BreadcrumbList\",\"@id\":\"http:\\\/\\\/www.romaniancommunity.net\\\/rci\\\/ziua-nationala-a-romaniei\\\/#breadcrumb\",\"itemListElement\":[{\"@type\":\"ListItem\",\"position\":1,\"name\":\"Home\",\"item\":\"http:\\\/\\\/www.romaniancommunity.net\\\/rci\\\/\"},{\"@type\":\"ListItem\",\"position\":2,\"name\":\"Ziua na\u0163ional\u0103 a Rom\u00e2niei\"}]},{\"@type\":\"WebSite\",\"@id\":\"http:\\\/\\\/www.romaniancommunity.net\\\/rci\\\/#website\",\"url\":\"http:\\\/\\\/www.romaniancommunity.net\\\/rci\\\/\",\"name\":\"Romanian Community of Ireland\",\"description\":\"Comunitatea Rom\u00e2nilor din Irlanda\",\"potentialAction\":[{\"@type\":\"SearchAction\",\"target\":{\"@type\":\"EntryPoint\",\"urlTemplate\":\"http:\\\/\\\/www.romaniancommunity.net\\\/rci\\\/?s={search_term_string}\"},\"query-input\":{\"@type\":\"PropertyValueSpecification\",\"valueRequired\":true,\"valueName\":\"search_term_string\"}}],\"inLanguage\":\"en-US\"},{\"@type\":\"Person\",\"@id\":\"http:\\\/\\\/www.romaniancommunity.net\\\/rci\\\/#\\\/schema\\\/person\\\/8d42ff1fbc9520cc8a727cafad2c1cc7\",\"name\":\"Anca Lupu\",\"image\":{\"@type\":\"ImageObject\",\"inLanguage\":\"en-US\",\"@id\":\"https:\\\/\\\/secure.gravatar.com\\\/avatar\\\/ad9921ccc656c6d829e2261411c42ae9e1d223ec926160ce5055394649ebe98e?s=96&d=mm&r=g\",\"url\":\"https:\\\/\\\/secure.gravatar.com\\\/avatar\\\/ad9921ccc656c6d829e2261411c42ae9e1d223ec926160ce5055394649ebe98e?s=96&d=mm&r=g\",\"contentUrl\":\"https:\\\/\\\/secure.gravatar.com\\\/avatar\\\/ad9921ccc656c6d829e2261411c42ae9e1d223ec926160ce5055394649ebe98e?s=96&d=mm&r=g\",\"caption\":\"Anca Lupu\"},\"url\":\"http:\\\/\\\/www.romaniancommunity.net\\\/rci\\\/author\\\/anca\\\/\"}]}<\/script>\n<!-- \/ Yoast SEO plugin. -->","yoast_head_json":{"title":"Marea Unire - Ziua na\u0163ional\u0103 a Rom\u00e2niei - Romanian Community of Ireland","description":"Anul 1918 \u2013 Marea Unire \u015fi f\u0103urirea Rom\u00e2niei Mari. 1Dec - Constituirea Rom\u00e2niei Mari prin unirea Basarabiei, Bucovinei \u015fi Transilvaniei, Cri\u0219anei, Banatului","robots":{"index":"index","follow":"follow","max-snippet":"max-snippet:-1","max-image-preview":"max-image-preview:large","max-video-preview":"max-video-preview:-1"},"canonical":"http:\/\/www.romaniancommunity.net\/rci\/ziua-nationala-a-romaniei\/","og_locale":"en_US","og_type":"article","og_title":"Marea Unire - Ziua na\u0163ional\u0103 a Rom\u00e2niei - Romanian Community of Ireland","og_description":"Anul 1918 \u2013 Marea Unire \u015fi f\u0103urirea Rom\u00e2niei Mari. 1Dec - Constituirea Rom\u00e2niei Mari prin unirea Basarabiei, Bucovinei \u015fi Transilvaniei, Cri\u0219anei, Banatului","og_url":"http:\/\/www.romaniancommunity.net\/rci\/ziua-nationala-a-romaniei\/","og_site_name":"Romanian Community of Ireland","article_publisher":"https:\/\/www.facebook.com\/RomanianCommunityOfIreland\/","article_published_time":"2014-12-01T07:18:48+00:00","article_modified_time":"2016-09-05T15:21:09+00:00","og_image":[{"width":400,"height":282,"url":"http:\/\/www.romaniancommunity.net\/rci\/wp-content\/uploads\/2015\/07\/1Dec1918.jpg","type":"image\/jpeg"}],"author":"Anca Lupu","twitter_card":"summary_large_image","twitter_misc":{"Written by":"Anca Lupu","Est. reading time":"6 minutes"},"schema":{"@context":"https:\/\/schema.org","@graph":[{"@type":"Article","@id":"http:\/\/www.romaniancommunity.net\/rci\/ziua-nationala-a-romaniei\/#article","isPartOf":{"@id":"http:\/\/www.romaniancommunity.net\/rci\/ziua-nationala-a-romaniei\/"},"author":{"name":"Anca Lupu","@id":"http:\/\/www.romaniancommunity.net\/rci\/#\/schema\/person\/8d42ff1fbc9520cc8a727cafad2c1cc7"},"headline":"Ziua na\u0163ional\u0103 a Rom\u00e2niei","datePublished":"2014-12-01T07:18:48+00:00","dateModified":"2016-09-05T15:21:09+00:00","mainEntityOfPage":{"@id":"http:\/\/www.romaniancommunity.net\/rci\/ziua-nationala-a-romaniei\/"},"wordCount":1183,"image":{"@id":"http:\/\/www.romaniancommunity.net\/rci\/ziua-nationala-a-romaniei\/#primaryimage"},"thumbnailUrl":"http:\/\/www.romaniancommunity.net\/rci\/wp-content\/uploads\/2015\/07\/1Dec1918.jpg","articleSection":["Istorie \u015fi tradi\u0163ii rom\u00e2ne\u015fti"],"inLanguage":"en-US"},{"@type":"WebPage","@id":"http:\/\/www.romaniancommunity.net\/rci\/ziua-nationala-a-romaniei\/","url":"http:\/\/www.romaniancommunity.net\/rci\/ziua-nationala-a-romaniei\/","name":"Marea Unire - Ziua na\u0163ional\u0103 a Rom\u00e2niei - Romanian Community of Ireland","isPartOf":{"@id":"http:\/\/www.romaniancommunity.net\/rci\/#website"},"primaryImageOfPage":{"@id":"http:\/\/www.romaniancommunity.net\/rci\/ziua-nationala-a-romaniei\/#primaryimage"},"image":{"@id":"http:\/\/www.romaniancommunity.net\/rci\/ziua-nationala-a-romaniei\/#primaryimage"},"thumbnailUrl":"http:\/\/www.romaniancommunity.net\/rci\/wp-content\/uploads\/2015\/07\/1Dec1918.jpg","datePublished":"2014-12-01T07:18:48+00:00","dateModified":"2016-09-05T15:21:09+00:00","author":{"@id":"http:\/\/www.romaniancommunity.net\/rci\/#\/schema\/person\/8d42ff1fbc9520cc8a727cafad2c1cc7"},"description":"Anul 1918 \u2013 Marea Unire \u015fi f\u0103urirea Rom\u00e2niei Mari. 1Dec - Constituirea Rom\u00e2niei Mari prin unirea Basarabiei, Bucovinei \u015fi Transilvaniei, Cri\u0219anei, Banatului","breadcrumb":{"@id":"http:\/\/www.romaniancommunity.net\/rci\/ziua-nationala-a-romaniei\/#breadcrumb"},"inLanguage":"en-US","potentialAction":[{"@type":"ReadAction","target":["http:\/\/www.romaniancommunity.net\/rci\/ziua-nationala-a-romaniei\/"]}]},{"@type":"ImageObject","inLanguage":"en-US","@id":"http:\/\/www.romaniancommunity.net\/rci\/ziua-nationala-a-romaniei\/#primaryimage","url":"http:\/\/www.romaniancommunity.net\/rci\/wp-content\/uploads\/2015\/07\/1Dec1918.jpg","contentUrl":"http:\/\/www.romaniancommunity.net\/rci\/wp-content\/uploads\/2015\/07\/1Dec1918.jpg","width":400,"height":282,"caption":"Marea Unire"},{"@type":"BreadcrumbList","@id":"http:\/\/www.romaniancommunity.net\/rci\/ziua-nationala-a-romaniei\/#breadcrumb","itemListElement":[{"@type":"ListItem","position":1,"name":"Home","item":"http:\/\/www.romaniancommunity.net\/rci\/"},{"@type":"ListItem","position":2,"name":"Ziua na\u0163ional\u0103 a Rom\u00e2niei"}]},{"@type":"WebSite","@id":"http:\/\/www.romaniancommunity.net\/rci\/#website","url":"http:\/\/www.romaniancommunity.net\/rci\/","name":"Romanian Community of Ireland","description":"Comunitatea Rom\u00e2nilor din Irlanda","potentialAction":[{"@type":"SearchAction","target":{"@type":"EntryPoint","urlTemplate":"http:\/\/www.romaniancommunity.net\/rci\/?s={search_term_string}"},"query-input":{"@type":"PropertyValueSpecification","valueRequired":true,"valueName":"search_term_string"}}],"inLanguage":"en-US"},{"@type":"Person","@id":"http:\/\/www.romaniancommunity.net\/rci\/#\/schema\/person\/8d42ff1fbc9520cc8a727cafad2c1cc7","name":"Anca Lupu","image":{"@type":"ImageObject","inLanguage":"en-US","@id":"https:\/\/secure.gravatar.com\/avatar\/ad9921ccc656c6d829e2261411c42ae9e1d223ec926160ce5055394649ebe98e?s=96&d=mm&r=g","url":"https:\/\/secure.gravatar.com\/avatar\/ad9921ccc656c6d829e2261411c42ae9e1d223ec926160ce5055394649ebe98e?s=96&d=mm&r=g","contentUrl":"https:\/\/secure.gravatar.com\/avatar\/ad9921ccc656c6d829e2261411c42ae9e1d223ec926160ce5055394649ebe98e?s=96&d=mm&r=g","caption":"Anca Lupu"},"url":"http:\/\/www.romaniancommunity.net\/rci\/author\/anca\/"}]}},"_links":{"self":[{"href":"http:\/\/www.romaniancommunity.net\/rci\/wp-json\/wp\/v2\/posts\/1458","targetHints":{"allow":["GET"]}}],"collection":[{"href":"http:\/\/www.romaniancommunity.net\/rci\/wp-json\/wp\/v2\/posts"}],"about":[{"href":"http:\/\/www.romaniancommunity.net\/rci\/wp-json\/wp\/v2\/types\/post"}],"author":[{"embeddable":true,"href":"http:\/\/www.romaniancommunity.net\/rci\/wp-json\/wp\/v2\/users\/7"}],"replies":[{"embeddable":true,"href":"http:\/\/www.romaniancommunity.net\/rci\/wp-json\/wp\/v2\/comments?post=1458"}],"version-history":[{"count":10,"href":"http:\/\/www.romaniancommunity.net\/rci\/wp-json\/wp\/v2\/posts\/1458\/revisions"}],"predecessor-version":[{"id":2095,"href":"http:\/\/www.romaniancommunity.net\/rci\/wp-json\/wp\/v2\/posts\/1458\/revisions\/2095"}],"wp:featuredmedia":[{"embeddable":true,"href":"http:\/\/www.romaniancommunity.net\/rci\/wp-json\/wp\/v2\/media\/1467"}],"wp:attachment":[{"href":"http:\/\/www.romaniancommunity.net\/rci\/wp-json\/wp\/v2\/media?parent=1458"}],"wp:term":[{"taxonomy":"category","embeddable":true,"href":"http:\/\/www.romaniancommunity.net\/rci\/wp-json\/wp\/v2\/categories?post=1458"},{"taxonomy":"post_tag","embeddable":true,"href":"http:\/\/www.romaniancommunity.net\/rci\/wp-json\/wp\/v2\/tags?post=1458"}],"curies":[{"name":"wp","href":"https:\/\/api.w.org\/{rel}","templated":true}]}}